{"id":222,"date":"2015-05-05T09:46:06","date_gmt":"2015-05-05T12:46:06","guid":{"rendered":"http:\/\/vinasfm.com\/noticias\/?p=222"},"modified":"2015-12-30T10:51:14","modified_gmt":"2015-12-30T13:51:14","slug":"inauguracion-del-paseo-de-la-memoria","status":"publish","type":"post","link":"https:\/\/vinasfm.com\/noticias\/inauguracion-del-paseo-de-la-memoria\/","title":{"rendered":"Inauguraci\u00f3n del Paseo de la Memoria"},"content":{"rendered":"<p><strong>Estar\u00e1 ubicado en la primera cuadra del Boulevard de la Av. Libertador Norte. La intenci\u00f3n es generar conciencia y reflexi\u00f3n en la sociedad sobre los sucesos de la \u00faltima dictadura en Argentina.<br \/>\n<\/strong><\/p>\n<p>El pr\u00f3ximo mi\u00e9rcoles 6 de Mayo a las 10:30 h. en el Km0 de Ciudad se llevar\u00e1 a cabo la inauguraci\u00f3n del Paseo de la Memoria, espacio que estar\u00e1 destinado a concientizaci\u00f3n y reflexi\u00f3n sobre los sucesos ocurridos en nuestro pa\u00eds durante la \u00faltima dictadura militar.<\/p>\n<p>Seg\u00fan inform\u00f3 Karina P\u00e1ez, titular de la Asesor\u00eda de Derechos Humanos de la comuna, este espacio ser\u00e1 el primero de 4 que se desarrollar\u00e1 en las pr\u00f3ximas semanas, \u201cser\u00e1n cuatro cuadras donde especialistas e interesados se ocuparan de abordar el tema. Esta primera cuadra est\u00e1 relacionada con las pol\u00edticas adoptadas por los gobiernos de la \u00e9poca. La idea es ir construyendo y reconstruyendo este espacio junto con los organismos de derechos humanos del departamento\u201d.<\/p>\n","protected":false},"excerpt":{"rendered":"<p>Estar\u00e1 ubicado en la primera cuadra del Boulevard de la Av. Libertador Norte. La intenci\u00f3n es generar conciencia y reflexi\u00f3n en &#8230;<\/p>\n","protected":false},"author":5,"featured_media":223,"comment_status":"open","ping_status":"open","sticky":false,"template":"","format":"standard","meta":{"footnotes":""},"categories":[5],"tags":[],"class_list":["post-222","post","type-post","status-publish","format-standard","has-post-thumbnail","hentry","category-actualidad"],"_links":{"self":[{"href":"https:\/\/vinasfm.com\/noticias\/wp-json\/wp\/v2\/posts\/222","targetHints":{"allow":["GET"]}}],"collection":[{"href":"https:\/\/vinasfm.com\/noticias\/wp-json\/wp\/v2\/posts"}],"about":[{"href":"https:\/\/vinasfm.com\/noticias\/wp-json\/wp\/v2\/types\/post"}],"author":[{"embeddable":true,"href":"https:\/\/vinasfm.com\/noticias\/wp-json\/wp\/v2\/users\/5"}],"replies":[{"embeddable":true,"href":"https:\/\/vinasfm.com\/noticias\/wp-json\/wp\/v2\/comments?post=222"}],"version-history":[{"count":1,"href":"https:\/\/vinasfm.com\/noticias\/wp-json\/wp\/v2\/posts\/222\/revisions"}],"predecessor-version":[{"id":224,"href":"https:\/\/vinasfm.com\/noticias\/wp-json\/wp\/v2\/posts\/222\/revisions\/224"}],"wp:featuredmedia":[{"embeddable":true,"href":"https:\/\/vinasfm.com\/noticias\/wp-json\/wp\/v2\/media\/223"}],"wp:attachment":[{"href":"https:\/\/vinasfm.com\/noticias\/wp-json\/wp\/v2\/media?parent=222"}],"wp:term":[{"taxonomy":"category","embeddable":true,"href":"https:\/\/vinasfm.com\/noticias\/wp-json\/wp\/v2\/categories?post=222"},{"taxonomy":"post_tag","embeddable":true,"href":"https:\/\/vinasfm.com\/noticias\/wp-json\/wp\/v2\/tags?post=222"}],"curies":[{"name":"wp","href":"https:\/\/api.w.org\/{rel}","templated":true}]}}