{"id":218,"date":"2015-05-05T09:40:51","date_gmt":"2015-05-05T12:40:51","guid":{"rendered":"http:\/\/vinasfm.com\/noticias\/?p=218"},"modified":"2015-12-30T10:39:02","modified_gmt":"2015-12-30T13:39:02","slug":"vuelco-en-el-nevado","status":"publish","type":"post","link":"https:\/\/vinasfm.com\/noticias\/vuelco-en-el-nevado\/","title":{"rendered":"Vuelco en El Nevado"},"content":{"rendered":"<p><strong>Un auto mordi\u00f3 banquina, se cruz\u00f3 de carril, choc\u00f3 contra dos \u00e1rboles y volc\u00f3.<\/strong><\/p>\n<p>La Comisaria Eliana Campos, a cargo de la Seccional 26 de Villa Atuel, brind\u00f3 detalles sobre un accidente vial registrado durante la ma\u00f1ana del lunes en la Ruta Nacional 143, a pocos kil\u00f3metros del Barrio El Nevado.<\/p>\n<p>All\u00ed, un autom\u00f3vil VW Gol derrap\u00f3 por la banquina de la Ruta, luego se cruz\u00f3 de carril, impact\u00f3 contra dos \u00e1rboles y volc\u00f3.<\/p>\n<p>Milagrosamente, el conductor se encuentra en buen estado de salud, pero igualmente fue trasladado al Hospital de ese Departamento para evitar complicaciones futuras. <\/p>\n","protected":false},"excerpt":{"rendered":"<p>Un auto mordi\u00f3 banquina, se cruz\u00f3 de carril, choc\u00f3 contra dos \u00e1rboles y volc\u00f3. La Comisaria Eliana Campos, a cargo de &#8230;<\/p>\n","protected":false},"author":5,"featured_media":219,"comment_status":"open","ping_status":"open","sticky":false,"template":"","format":"standard","meta":{"footnotes":""},"categories":[5,4],"tags":[],"class_list":["post-218","post","type-post","status-publish","format-standard","has-post-thumbnail","hentry","category-actualidad","category-policiales"],"_links":{"self":[{"href":"https:\/\/vinasfm.com\/noticias\/wp-json\/wp\/v2\/posts\/218","targetHints":{"allow":["GET"]}}],"collection":[{"href":"https:\/\/vinasfm.com\/noticias\/wp-json\/wp\/v2\/posts"}],"about":[{"href":"https:\/\/vinasfm.com\/noticias\/wp-json\/wp\/v2\/types\/post"}],"author":[{"embeddable":true,"href":"https:\/\/vinasfm.com\/noticias\/wp-json\/wp\/v2\/users\/5"}],"replies":[{"embeddable":true,"href":"https:\/\/vinasfm.com\/noticias\/wp-json\/wp\/v2\/comments?post=218"}],"version-history":[{"count":1,"href":"https:\/\/vinasfm.com\/noticias\/wp-json\/wp\/v2\/posts\/218\/revisions"}],"predecessor-version":[{"id":220,"href":"https:\/\/vinasfm.com\/noticias\/wp-json\/wp\/v2\/posts\/218\/revisions\/220"}],"wp:featuredmedia":[{"embeddable":true,"href":"https:\/\/vinasfm.com\/noticias\/wp-json\/wp\/v2\/media\/219"}],"wp:attachment":[{"href":"https:\/\/vinasfm.com\/noticias\/wp-json\/wp\/v2\/media?parent=218"}],"wp:term":[{"taxonomy":"category","embeddable":true,"href":"https:\/\/vinasfm.com\/noticias\/wp-json\/wp\/v2\/categories?post=218"},{"taxonomy":"post_tag","embeddable":true,"href":"https:\/\/vinasfm.com\/noticias\/wp-json\/wp\/v2\/tags?post=218"}],"curies":[{"name":"wp","href":"https:\/\/api.w.org\/{rel}","templated":true}]}}