{"id":177,"date":"2015-05-04T19:28:32","date_gmt":"2015-05-04T22:28:32","guid":{"rendered":"http:\/\/vinasfm.com\/noticias\/?p=177"},"modified":"2015-12-30T10:41:24","modified_gmt":"2015-12-30T13:41:24","slug":"accidentes-robos-y-detenidos","status":"publish","type":"post","link":"https:\/\/vinasfm.com\/noticias\/accidentes-robos-y-detenidos\/","title":{"rendered":"Accidentes, robos y detenidos"},"content":{"rendered":"<p><strong>Fin de semana largo cargado de actividad policial<\/strong><\/p>\n<p>El subcomisario Ariel Alcalde brind\u00f3 informaci\u00f3n sobre la actividad policial del fin de semana largo en nuestro departamento.<\/p>\n<p>La noche del viernes se produjo la detenci\u00f3n de 5 sujetos que se encontraban provocando disturbios en las calles del Barrio El Nevado. Un llamado al 911 alert\u00f3 sobre la presencia de este grupo de j\u00f3venes en la zona, quienes al momento de arribar los efectivos comienzan a agredirlos, resultando con lesiones leves un polic\u00eda.<\/p>\n<p>Durante la ma\u00f1ana del s\u00e1bado, se efectu\u00f3 la aprehensi\u00f3n de un hombre de 34 a\u00f1os acusado de causar da\u00f1os en la vivienda de su ex-pareja. Adem\u00e1s, se le secuestr\u00f3 un arma calibre 22 semiautom\u00e1tica.<\/p>\n<p>El domingo a la noche, se registr\u00f3 la \u201cdescompensaci\u00f3n\u201d de un joven de 18 a\u00f1os en una helader\u00eda del km0, que termin\u00f3 con el traslado del mismo al Hospital Enfermeros Argentinos debido a que realmente presentaba una herida corto-punzante con arma blanca en su cuerpo. Actualmente, personal policial se encuentra investigando a los posibles autores del hecho.<\/p>\n<p>Un suceso vial con lesiones culposas tuvo lugar hoy lunes a las 06:50hs en la RN143Sur a metros del Aut\u00f3dromo, donde un autom\u00f3vil Peugeot 207 impact\u00f3 contra un equino. A bordo viajaba un matrimonio oriundo de San Rafael, y que ten\u00edan como destino Puerto Madryn. Ambas personas fueron trasladadas al nosocomio local, el conductor del rodado result\u00f3 con fractura de cubito-radial y lesiones de consideraci\u00f3n en sus manos, mientras que la mujer solo tuvo heridas leves.<\/p>\n<p>Minutos m\u00e1s tarde, a las 07:00hs, se tom\u00f3 conocimiento sobre un il\u00edcito contra la propiedad a la Guarder\u00eda Mail\u00e9n. El o los autores, ingresaron al local escolar tras romper una de las ventanas de la cocina. Hasta el momento, solo se constat\u00f3 la falta un Televisor 21\u201d, y varios elementos menores.<\/p>\n<p><img loading=\"lazy\" decoding=\"async\" class=\"alignnone size-full wp-image-179\" src=\"http:\/\/vinasfm.com\/noticias\/wp-content\/uploads\/2015\/05\/207_caballo_2.jpg\" alt=\"207_caballo_2\" width=\"960\" height=\"640\" srcset=\"https:\/\/vinasfm.com\/noticias\/wp-content\/uploads\/2015\/05\/207_caballo_2.jpg 960w, https:\/\/vinasfm.com\/noticias\/wp-content\/uploads\/2015\/05\/207_caballo_2-300x200.jpg 300w\" sizes=\"auto, (max-width: 960px) 100vw, 960px\" \/><\/p>\n<p><a href=\"http:\/\/vinasfm.com\/noticias\/wp-content\/uploads\/2015\/05\/choque_MOTO_BORA.jpg\"><img loading=\"lazy\" decoding=\"async\" class=\"alignnone size-full wp-image-180\" src=\"http:\/\/vinasfm.com\/noticias\/wp-content\/uploads\/2015\/05\/choque_MOTO_BORA.jpg\" alt=\"choque_MOTO_BORA\" width=\"1632\" height=\"916\" srcset=\"https:\/\/vinasfm.com\/noticias\/wp-content\/uploads\/2015\/05\/choque_MOTO_BORA.jpg 1632w, https:\/\/vinasfm.com\/noticias\/wp-content\/uploads\/2015\/05\/choque_MOTO_BORA-300x168.jpg 300w, https:\/\/vinasfm.com\/noticias\/wp-content\/uploads\/2015\/05\/choque_MOTO_BORA-1024x575.jpg 1024w, https:\/\/vinasfm.com\/noticias\/wp-content\/uploads\/2015\/05\/choque_MOTO_BORA-750x420.jpg 750w, https:\/\/vinasfm.com\/noticias\/wp-content\/uploads\/2015\/05\/choque_MOTO_BORA-1140x641.jpg 1140w\" sizes=\"auto, (max-width: 1632px) 100vw, 1632px\" \/><\/a><\/p>\n<p>Y cerca de las 10:30hs, se produjo la ca\u00edda de una motociclista en la cuadra 5 de la Av. Alvear Oeste, entre Roca e Ing. Lange. Aparentemente, la conductora de la moto Gilera 110 color gris intent\u00f3 esquivar a un peat\u00f3n, pero termin\u00f3 tendida sobre la carpeta asf\u00e1ltica. La mujer inmediatamente fue trasladada al hospital local para ser atendida.<\/p>\n<p>Pasado el mediod\u00eda en el acceso este a metros de la rotando que conecta con la ruta 188 se registr\u00f3 un accidente entre un Volkswagen Vento patente kmx-327 y una moto 110cc chapa kbr 453, el conductor de la moto debi\u00f3 ser trasladado al hospital local.<\/p>\n","protected":false},"excerpt":{"rendered":"<p>Fin de semana largo cargado de actividad policial El subcomisario Ariel Alcalde brind\u00f3 informaci\u00f3n sobre la actividad policial del fin de &#8230;<\/p>\n","protected":false},"author":5,"featured_media":178,"comment_status":"open","ping_status":"open","sticky":false,"template":"","format":"standard","meta":{"footnotes":""},"categories":[5,4],"tags":[],"class_list":["post-177","post","type-post","status-publish","format-standard","has-post-thumbnail","hentry","category-actualidad","category-policiales"],"_links":{"self":[{"href":"https:\/\/vinasfm.com\/noticias\/wp-json\/wp\/v2\/posts\/177","targetHints":{"allow":["GET"]}}],"collection":[{"href":"https:\/\/vinasfm.com\/noticias\/wp-json\/wp\/v2\/posts"}],"about":[{"href":"https:\/\/vinasfm.com\/noticias\/wp-json\/wp\/v2\/types\/post"}],"author":[{"embeddable":true,"href":"https:\/\/vinasfm.com\/noticias\/wp-json\/wp\/v2\/users\/5"}],"replies":[{"embeddable":true,"href":"https:\/\/vinasfm.com\/noticias\/wp-json\/wp\/v2\/comments?post=177"}],"version-history":[{"count":2,"href":"https:\/\/vinasfm.com\/noticias\/wp-json\/wp\/v2\/posts\/177\/revisions"}],"predecessor-version":[{"id":6896,"href":"https:\/\/vinasfm.com\/noticias\/wp-json\/wp\/v2\/posts\/177\/revisions\/6896"}],"wp:featuredmedia":[{"embeddable":true,"href":"https:\/\/vinasfm.com\/noticias\/wp-json\/wp\/v2\/media\/178"}],"wp:attachment":[{"href":"https:\/\/vinasfm.com\/noticias\/wp-json\/wp\/v2\/media?parent=177"}],"wp:term":[{"taxonomy":"category","embeddable":true,"href":"https:\/\/vinasfm.com\/noticias\/wp-json\/wp\/v2\/categories?post=177"},{"taxonomy":"post_tag","embeddable":true,"href":"https:\/\/vinasfm.com\/noticias\/wp-json\/wp\/v2\/tags?post=177"}],"curies":[{"name":"wp","href":"https:\/\/api.w.org\/{rel}","templated":true}]}}