{"id":171,"date":"2015-04-29T17:02:47","date_gmt":"2015-04-29T20:02:47","guid":{"rendered":"http:\/\/vinasfm.com\/noticias\/?p=171"},"modified":"2015-05-02T17:03:37","modified_gmt":"2015-05-02T20:03:37","slug":"informe-policial-de-las-ultimas-horas","status":"publish","type":"post","link":"https:\/\/vinasfm.com\/noticias\/informe-policial-de-las-ultimas-horas\/","title":{"rendered":"Informe policial de las \u00faltimas horas"},"content":{"rendered":"<p>Incluye: un hecho por violencia de g\u00e9nero, un accidente de tr\u00e1nsito, un robo, y un intento de robo.<\/p>\n<p>El subcomisario Ariel Alcalde, brind\u00f3 informaci\u00f3n sobre los hechos policiales registrados en General Alvear durante las \u00faltimas horas.<\/p>\n<p>Una situaci\u00f3n de violencia de g\u00e9nero fue denunciada durante la jornada del lunes. La misma tuvo lugar en calle Alem y Roque Saenz Pe\u00f1a, donde una mujer denunci\u00f3 haber recibido lesiones graves por parte de un hombre. Inmediatamente se iniciaron las medidas judiciales correspondientes, como examen m\u00e9dico-legal e identificaci\u00f3n de las partes. Finalizado este informe, se resolver\u00e1 la situaci\u00f3n de la persona que pueda resultar imputada.<\/p>\n<p>El mismo lunes, a las 21:00hs, ocurrieron dos hechos de manera simult\u00e1nea. El primero est\u00e1 relacionado con un il\u00edcito contra una propiedad de la calle Pi\u00e9rola 550. Ante la ausencia del morador, y al haber dejado sin medida de seguridad una de las puertas de ingreso a la vivienda, desconocidos sustrajeron $30600, electrodom\u00e9sticos y pertenencias varias. Personal policial se encuentra realizando investigaciones para dar con el paradero de los delincuentes.<\/p>\n<p>Y el segundo acontecimiento es un accidente que tuvo lugar en la esquina de Francia y Av. Libertador Sur. All\u00ed, una camioneta Peugeot Partner colision\u00f3 contra una motocicleta 200cc. El conductor del rodado menor debi\u00f3 ser trasladado al Hospital Enfermeros Argentinos donde le diagnosticaron politraumatismos leves.<\/p>\n<p>Y otro hecho que trascendi\u00f3 en las \u00faltimas horas tiene que ver con un intento de robo en una vivienda de la calle Patricias Mendocinas. En el interior de la misma se encontraban durmiendo una anciana y una joven que cuidaba de ella. En un determinado momento, escuchan que golpean la puerta, pero no tuvieron intenciones de levantarse a atender. Sin embargo, segundos m\u00e1s tarde oyen que alguien fuerza la puerta e ingresa al domicilio. Se levantan de inmediato, pero el delincuente al advertir la presencia de las moradoras, emprende la huida. Personal policial se encuentra realizando investigaciones para lograr identificar a este sujeto.<\/p>\n","protected":false},"excerpt":{"rendered":"<p>Incluye: un hecho por violencia de g\u00e9nero, un accidente de tr\u00e1nsito, un robo, y un intento de robo. El subcomisario Ariel &#8230;<\/p>\n","protected":false},"author":1,"featured_media":172,"comment_status":"open","ping_status":"open","sticky":false,"template":"","format":"standard","meta":{"footnotes":""},"categories":[4],"tags":[],"class_list":["post-171","post","type-post","status-publish","format-standard","has-post-thumbnail","hentry","category-policiales"],"_links":{"self":[{"href":"https:\/\/vinasfm.com\/noticias\/wp-json\/wp\/v2\/posts\/171","targetHints":{"allow":["GET"]}}],"collection":[{"href":"https:\/\/vinasfm.com\/noticias\/wp-json\/wp\/v2\/posts"}],"about":[{"href":"https:\/\/vinasfm.com\/noticias\/wp-json\/wp\/v2\/types\/post"}],"author":[{"embeddable":true,"href":"https:\/\/vinasfm.com\/noticias\/wp-json\/wp\/v2\/users\/1"}],"replies":[{"embeddable":true,"href":"https:\/\/vinasfm.com\/noticias\/wp-json\/wp\/v2\/comments?post=171"}],"version-history":[{"count":1,"href":"https:\/\/vinasfm.com\/noticias\/wp-json\/wp\/v2\/posts\/171\/revisions"}],"predecessor-version":[{"id":173,"href":"https:\/\/vinasfm.com\/noticias\/wp-json\/wp\/v2\/posts\/171\/revisions\/173"}],"wp:featuredmedia":[{"embeddable":true,"href":"https:\/\/vinasfm.com\/noticias\/wp-json\/wp\/v2\/media\/172"}],"wp:attachment":[{"href":"https:\/\/vinasfm.com\/noticias\/wp-json\/wp\/v2\/media?parent=171"}],"wp:term":[{"taxonomy":"category","embeddable":true,"href":"https:\/\/vinasfm.com\/noticias\/wp-json\/wp\/v2\/categories?post=171"},{"taxonomy":"post_tag","embeddable":true,"href":"https:\/\/vinasfm.com\/noticias\/wp-json\/wp\/v2\/tags?post=171"}],"curies":[{"name":"wp","href":"https:\/\/api.w.org\/{rel}","templated":true}]}}