{"id":164563,"date":"2026-09-05T12:25:45","date_gmt":"2026-09-05T15:25:45","guid":{"rendered":"https:\/\/vinasfm.com\/noticias\/?p=164563"},"modified":"2026-09-05T12:26:47","modified_gmt":"2026-09-05T15:26:47","slug":"preocupacion-en-jaime-prats-por-vandalismo-y-robos-de-postes-cables-y-luminarias","status":"publish","type":"post","link":"https:\/\/vinasfm.com\/noticias\/preocupacion-en-jaime-prats-por-vandalismo-y-robos-de-postes-cables-y-luminarias\/","title":{"rendered":"PREOCUPACI\u00d3N EN JAIME PRATS POR VANDALISMO Y ROBOS DE POSTES, CABLES Y LUMINARIAS"},"content":{"rendered":"<h4><strong>Dos hechos de vandalismo seguido de robo registrados en las ultimas horas en distintos tramos del tendido el\u00e9ctrico preocupa a la comunidad de Jaime Prats y Soitu\u00e9. Inescrupulosos sustrajeron cables, postes y luminarias.<\/strong><\/h4>\n<div id=\"attachment_164570\" style=\"width: 169px\" class=\"wp-caption alignleft\"><a href=\"https:\/\/vinasfm.com\/noticias\/wp-content\/uploads\/2026\/09\/FB_IMG_1788615434193.jpg\"><img loading=\"lazy\" decoding=\"async\" aria-describedby=\"caption-attachment-164570\" class=\"size-medium wp-image-164570\" src=\"https:\/\/vinasfm.com\/noticias\/wp-content\/uploads\/2026\/09\/FB_IMG_1788615434193-169x300.jpg\" alt=\"\" width=\"169\" height=\"300\" srcset=\"https:\/\/vinasfm.com\/noticias\/wp-content\/uploads\/2026\/09\/FB_IMG_1788615434193-169x300.jpg 169w, https:\/\/vinasfm.com\/noticias\/wp-content\/uploads\/2026\/09\/FB_IMG_1788615434193-576x1024.jpg 576w, https:\/\/vinasfm.com\/noticias\/wp-content\/uploads\/2026\/09\/FB_IMG_1788615434193-768x1365.jpg 768w, https:\/\/vinasfm.com\/noticias\/wp-content\/uploads\/2026\/09\/FB_IMG_1788615434193-864x1536.jpg 864w, https:\/\/vinasfm.com\/noticias\/wp-content\/uploads\/2026\/09\/FB_IMG_1788615434193.jpg 1152w\" sizes=\"auto, (max-width: 169px) 100vw, 169px\" \/><\/a><p id=\"caption-attachment-164570\" class=\"wp-caption-text\">Vandalismo y robos en Jaime Prats.<\/p><\/div>\n<p>Segun el informe oficial del <strong>Ministerio de Seguridad<\/strong>, el hecho ocurri\u00f3 en inmediaciones de las <strong>rutas 143 y 200<\/strong>, donde d\u00edas antes hab\u00eda ocurrido un episodio similar.<\/p>\n<p>Los efectivos entrevistaron al denunciante, quien manifest\u00f3 que el jueves, alrededor de las 20.45, <strong><em>pas\u00f3 por la zona y advirti\u00f3 que no hab\u00eda iluminaci\u00f3n<\/em><\/strong>. Al regresar el viernes, cerca de las 9, se present\u00f3 nuevamente en el lugar para verificar la situaci\u00f3n y <strong><em>constat\u00f3 el faltante de aproximadamente 200 metros de cable.<\/em><\/strong><\/p>\n<p>Adem\u00e1s, se inform\u00f3 sobre un <strong>segundo hecho<\/strong> ocurrido en la intersecci\u00f3n de las <strong>rutas 184 y 202, en Soitu\u00e9<\/strong>, donde fue encontrado un poste derribado y se constat\u00f3 la sustracci\u00f3n de una luminaria LED de energ\u00eda solar.<\/p>\n<h4><strong>\u00abENTRE TODOS PODEMOS CUIDAR NUESTRO DISTRITO\u00bb, EL COMUNICADO DE LA DELEGACI\u00d3N MUNICIPAL<\/strong><\/h4>\n<p>Desde la <strong>Delegaci\u00f3n Municipal de Jaime Prats<\/strong> informaron a los vecinos que durante las \u00faltimas horas se registraron dos hechos de robo y vandalismo sobre elementos pertenecientes al espacio p\u00fablico de nuestro distrito y pidieron colaboraci\u00f3n para prevenir este tipo de situaciones que perjudican a todos.<\/p>\n<ul>\n<li><strong>Ruta 143 y calle 200 \u2013 Los Tableros:<\/strong><\/li>\n<\/ul>\n<p>Se constat\u00f3 el robo de aproximadamente 200 metros de cable preensamblado, afectando la infraestructura del alumbrado el\u00e9ctrico del sector.<\/p>\n<ul>\n<li><strong>Ruta 184 y calle 202 \u2013 Soitue:<\/strong><\/li>\n<\/ul>\n<p>Cerca del mediod\u00eda de hoy se detect\u00f3 el robo de una luminaria LED de energ\u00eda solar. Para sustraer el equipo, los delincuentes cortaron el poste utilizando una motosierra y posteriormente se llevaron la luminaria y sus componentes.<\/p>\n<p><em>\u00abAnte ambos hechos, se realizaron las denuncias correspondientes y se dio intervenci\u00f3n a las autoridades competentes\u00bb, <\/em>reza el comunicado publicado en redes sociales.<\/p>\n<div id=\"attachment_164571\" style=\"width: 225px\" class=\"wp-caption alignright\"><a href=\"https:\/\/vinasfm.com\/noticias\/wp-content\/uploads\/2026\/09\/FB_IMG_1788615429974.jpg\"><img loading=\"lazy\" decoding=\"async\" aria-describedby=\"caption-attachment-164571\" class=\"wp-image-164571 size-medium\" src=\"https:\/\/vinasfm.com\/noticias\/wp-content\/uploads\/2026\/09\/FB_IMG_1788615429974-225x300.jpg\" alt=\"\" width=\"225\" height=\"300\" srcset=\"https:\/\/vinasfm.com\/noticias\/wp-content\/uploads\/2026\/09\/FB_IMG_1788615429974-225x300.jpg 225w, https:\/\/vinasfm.com\/noticias\/wp-content\/uploads\/2026\/09\/FB_IMG_1788615429974-768x1024.jpg 768w, https:\/\/vinasfm.com\/noticias\/wp-content\/uploads\/2026\/09\/FB_IMG_1788615429974-1152x1536.jpg 1152w, https:\/\/vinasfm.com\/noticias\/wp-content\/uploads\/2026\/09\/FB_IMG_1788615429974.jpg 1536w\" sizes=\"auto, (max-width: 225px) 100vw, 225px\" \/><\/a><p id=\"caption-attachment-164571\" class=\"wp-caption-text\">Vandalismo y robos en Jaime Prats.<\/p><\/div>\n<p><em>\u00abEstos elementos son parte de la infraestructura que se instala y mantiene con el esfuerzo de toda la comunidad. Su robo no solo genera un perjuicio econ\u00f3mico, sino que tambi\u00e9n afecta directamente la seguridad, la iluminaci\u00f3n y la calidad de vida de nuestros vecinos\u00bb.<\/em><\/p>\n<p><em>\u00abPor eso les pedimos que estemos atentos y comprometidos con el cuidado de nuestros espacios p\u00fablicos. Si alg\u00fan vecino observa movimientos, veh\u00edculos o personas en actitud sospechosa, especialmente en sectores donde se encuentra trabajando sobre el alumbrado o infraestructura p\u00fablica, solicitamos que d\u00e9 aviso inmediatamente a las autoridades correspondientes\u00bb.<\/em><\/p>\n<p><em>\u00abNo intervengamos directamente ni nos expongamos. Lo importante es informar y permitir que act\u00faen quienes corresponden. Entre vecinos podemos ayudar a proteger nuestro distrito y evitar que estos hechos vuelvan a suceder\u00bb,<\/em> concluye el posteo.<\/p>\n","protected":false},"excerpt":{"rendered":"<p>Dos hechos de vandalismo seguido de robo registrados en las ultimas horas en distintos tramos del tendido el\u00e9ctrico preocupa a la &#8230;<\/p>\n","protected":false},"author":7,"featured_media":164564,"comment_status":"open","ping_status":"open","sticky":false,"template":"","format":"standard","meta":{"footnotes":""},"categories":[1],"tags":[],"class_list":["post-164563","post","type-post","status-publish","format-standard","has-post-thumbnail","hentry","category-fmvinas"],"_links":{"self":[{"href":"https:\/\/vinasfm.com\/noticias\/wp-json\/wp\/v2\/posts\/164563","targetHints":{"allow":["GET"]}}],"collection":[{"href":"https:\/\/vinasfm.com\/noticias\/wp-json\/wp\/v2\/posts"}],"about":[{"href":"https:\/\/vinasfm.com\/noticias\/wp-json\/wp\/v2\/types\/post"}],"author":[{"embeddable":true,"href":"https:\/\/vinasfm.com\/noticias\/wp-json\/wp\/v2\/users\/7"}],"replies":[{"embeddable":true,"href":"https:\/\/vinasfm.com\/noticias\/wp-json\/wp\/v2\/comments?post=164563"}],"version-history":[{"count":6,"href":"https:\/\/vinasfm.com\/noticias\/wp-json\/wp\/v2\/posts\/164563\/revisions"}],"predecessor-version":[{"id":164573,"href":"https:\/\/vinasfm.com\/noticias\/wp-json\/wp\/v2\/posts\/164563\/revisions\/164573"}],"wp:featuredmedia":[{"embeddable":true,"href":"https:\/\/vinasfm.com\/noticias\/wp-json\/wp\/v2\/media\/164564"}],"wp:attachment":[{"href":"https:\/\/vinasfm.com\/noticias\/wp-json\/wp\/v2\/media?parent=164563"}],"wp:term":[{"taxonomy":"category","embeddable":true,"href":"https:\/\/vinasfm.com\/noticias\/wp-json\/wp\/v2\/categories?post=164563"},{"taxonomy":"post_tag","embeddable":true,"href":"https:\/\/vinasfm.com\/noticias\/wp-json\/wp\/v2\/tags?post=164563"}],"curies":[{"name":"wp","href":"https:\/\/api.w.org\/{rel}","templated":true}]}}