{"id":164535,"date":"2026-09-05T10:38:53","date_gmt":"2026-09-05T13:38:53","guid":{"rendered":"https:\/\/vinasfm.com\/noticias\/?p=164535"},"modified":"2026-09-05T10:38:53","modified_gmt":"2026-09-05T13:38:53","slug":"la-fiesta-de-la-cerveza-del-sur-mendocino-se-presento-en-el-kilometro-cero","status":"publish","type":"post","link":"https:\/\/vinasfm.com\/noticias\/la-fiesta-de-la-cerveza-del-sur-mendocino-se-presento-en-el-kilometro-cero\/","title":{"rendered":"LA FIESTA DE LA CERVEZA DEL SUR MENDOCINO SE PRESENT\u00d3 EN EL KIL\u00d3METRO CERO"},"content":{"rendered":"<h4><strong>La segunda edici\u00f3n de la Fiesta de la Cerveza del Sur Mendocino fue presentada en el Kil\u00f3metro Cero de General Alvear, en una actividad encabezada por el intendente Alejandro Molero, que cont\u00f3 con la participaci\u00f3n de autoridades, artistas alvearenses, artesanos locales y cerveceros, y que permiti\u00f3 anticipar detalles de uno de los principales eventos culturales y tur\u00edsticos del departamento.<\/strong><\/h4>\n<p><a href=\"https:\/\/vinasfm.com\/noticias\/wp-content\/uploads\/2026\/09\/IMG-20260905-WA0039.jpg\"><img loading=\"lazy\" decoding=\"async\" class=\"alignnone size-large wp-image-164541\" src=\"https:\/\/vinasfm.com\/noticias\/wp-content\/uploads\/2026\/09\/IMG-20260905-WA0039-1024x682.jpg\" alt=\"\" width=\"1024\" height=\"682\" srcset=\"https:\/\/vinasfm.com\/noticias\/wp-content\/uploads\/2026\/09\/IMG-20260905-WA0039-1024x682.jpg 1024w, https:\/\/vinasfm.com\/noticias\/wp-content\/uploads\/2026\/09\/IMG-20260905-WA0039-300x200.jpg 300w, https:\/\/vinasfm.com\/noticias\/wp-content\/uploads\/2026\/09\/IMG-20260905-WA0039-768x512.jpg 768w, https:\/\/vinasfm.com\/noticias\/wp-content\/uploads\/2026\/09\/IMG-20260905-WA0039-1536x1023.jpg 1536w, https:\/\/vinasfm.com\/noticias\/wp-content\/uploads\/2026\/09\/IMG-20260905-WA0039.jpg 1600w\" sizes=\"auto, (max-width: 1024px) 100vw, 1024px\" \/><\/a><\/p>\n<p>La celebraci\u00f3n se realizar\u00e1 el pr\u00f3ximo 26 de septiembre en el Predio Ferial y reunir\u00e1 propuestas cerveceras y gastron\u00f3micas, con la participaci\u00f3n de productores locales, junto a una destacada grilla art\u00edstica integrada por Le\u00f3n Gieco, Cruzando el Charco, La Franela, V\u00e1ndalos Chinos, Yami Safdie, Topa y bandas de Mendoza y del sur provincial.<\/p>\n<p><a href=\"https:\/\/vinasfm.com\/noticias\/wp-content\/uploads\/2026\/09\/IMG-20260905-WA0037.jpg\"><img loading=\"lazy\" decoding=\"async\" class=\"alignnone size-large wp-image-164545\" src=\"https:\/\/vinasfm.com\/noticias\/wp-content\/uploads\/2026\/09\/IMG-20260905-WA0037-1024x682.jpg\" alt=\"\" width=\"1024\" height=\"682\" srcset=\"https:\/\/vinasfm.com\/noticias\/wp-content\/uploads\/2026\/09\/IMG-20260905-WA0037-1024x682.jpg 1024w, https:\/\/vinasfm.com\/noticias\/wp-content\/uploads\/2026\/09\/IMG-20260905-WA0037-300x200.jpg 300w, https:\/\/vinasfm.com\/noticias\/wp-content\/uploads\/2026\/09\/IMG-20260905-WA0037-768x512.jpg 768w, https:\/\/vinasfm.com\/noticias\/wp-content\/uploads\/2026\/09\/IMG-20260905-WA0037-1536x1023.jpg 1536w, https:\/\/vinasfm.com\/noticias\/wp-content\/uploads\/2026\/09\/IMG-20260905-WA0037.jpg 1600w\" sizes=\"auto, (max-width: 1024px) 100vw, 1024px\" \/><\/a><\/p>\n<p>Durante la presentaci\u00f3n, el intendente Alejandro Molero destac\u00f3 el crecimiento de la propuesta y el movimiento que genera para el departamento. \u201cEste festival plantea derrame econ\u00f3mico, movimiento en el comercio; la hoteler\u00eda ya est\u00e1 cubierta\u201d, se\u00f1al\u00f3.<\/p>\n<p><a href=\"https:\/\/vinasfm.com\/noticias\/wp-content\/uploads\/2026\/09\/IMG-20260905-WA0042.jpg\"><img loading=\"lazy\" decoding=\"async\" class=\"alignnone size-large wp-image-164544\" src=\"https:\/\/vinasfm.com\/noticias\/wp-content\/uploads\/2026\/09\/IMG-20260905-WA0042-1024x682.jpg\" alt=\"\" width=\"1024\" height=\"682\" srcset=\"https:\/\/vinasfm.com\/noticias\/wp-content\/uploads\/2026\/09\/IMG-20260905-WA0042-1024x682.jpg 1024w, https:\/\/vinasfm.com\/noticias\/wp-content\/uploads\/2026\/09\/IMG-20260905-WA0042-300x200.jpg 300w, https:\/\/vinasfm.com\/noticias\/wp-content\/uploads\/2026\/09\/IMG-20260905-WA0042-768x512.jpg 768w, https:\/\/vinasfm.com\/noticias\/wp-content\/uploads\/2026\/09\/IMG-20260905-WA0042-1536x1023.jpg 1536w, https:\/\/vinasfm.com\/noticias\/wp-content\/uploads\/2026\/09\/IMG-20260905-WA0042.jpg 1600w\" sizes=\"auto, (max-width: 1024px) 100vw, 1024px\" \/><\/a><\/p>\n<p>El jefe comunal tambi\u00e9n puso en valor el trabajo conjunto entre el sector p\u00fablico y privado, con una productora a cargo de la inversi\u00f3n art\u00edstica y el Municipio aportando infraestructura y log\u00edstica. \u201cEn \u00e9pocas dif\u00edciles hay que agudizar el ingenio, poner esfuerzo y lograr la conjunci\u00f3n entre lo privado, que asume el riesgo, y el Estado, que acompa\u00f1a y apoya con toda la infraestructura y log\u00edstica necesaria para hacer este gran evento\u201d, destac\u00f3 Molero.<\/p>\n<p><a href=\"https:\/\/vinasfm.com\/noticias\/wp-content\/uploads\/2026\/09\/IMG-20260905-WA0040.jpg\"><img loading=\"lazy\" decoding=\"async\" class=\"alignnone size-large wp-image-164543\" src=\"https:\/\/vinasfm.com\/noticias\/wp-content\/uploads\/2026\/09\/IMG-20260905-WA0040-1024x682.jpg\" alt=\"\" width=\"1024\" height=\"682\" srcset=\"https:\/\/vinasfm.com\/noticias\/wp-content\/uploads\/2026\/09\/IMG-20260905-WA0040-1024x682.jpg 1024w, https:\/\/vinasfm.com\/noticias\/wp-content\/uploads\/2026\/09\/IMG-20260905-WA0040-300x200.jpg 300w, https:\/\/vinasfm.com\/noticias\/wp-content\/uploads\/2026\/09\/IMG-20260905-WA0040-768x512.jpg 768w, https:\/\/vinasfm.com\/noticias\/wp-content\/uploads\/2026\/09\/IMG-20260905-WA0040-1536x1023.jpg 1536w, https:\/\/vinasfm.com\/noticias\/wp-content\/uploads\/2026\/09\/IMG-20260905-WA0040.jpg 1600w\" sizes=\"auto, (max-width: 1024px) 100vw, 1024px\" \/><\/a><\/p>\n<p>La Fiesta de la Cerveza se prepara as\u00ed para una nueva edici\u00f3n con una importante convocatoria, que espera reunir a vecinos y visitantes de distintos puntos del pa\u00eds y generar un significativo movimiento para la econom\u00eda local.<\/p>\n<p><a href=\"https:\/\/vinasfm.com\/noticias\/wp-content\/uploads\/2026\/09\/IMG-20260905-WA0046.jpg\"><img loading=\"lazy\" decoding=\"async\" class=\"alignnone size-large wp-image-164542\" src=\"https:\/\/vinasfm.com\/noticias\/wp-content\/uploads\/2026\/09\/IMG-20260905-WA0046-1024x682.jpg\" alt=\"\" width=\"1024\" height=\"682\" srcset=\"https:\/\/vinasfm.com\/noticias\/wp-content\/uploads\/2026\/09\/IMG-20260905-WA0046-1024x682.jpg 1024w, https:\/\/vinasfm.com\/noticias\/wp-content\/uploads\/2026\/09\/IMG-20260905-WA0046-300x200.jpg 300w, https:\/\/vinasfm.com\/noticias\/wp-content\/uploads\/2026\/09\/IMG-20260905-WA0046-768x512.jpg 768w, https:\/\/vinasfm.com\/noticias\/wp-content\/uploads\/2026\/09\/IMG-20260905-WA0046-1536x1023.jpg 1536w, https:\/\/vinasfm.com\/noticias\/wp-content\/uploads\/2026\/09\/IMG-20260905-WA0046.jpg 1600w\" sizes=\"auto, (max-width: 1024px) 100vw, 1024px\" \/><\/a><\/p>\n","protected":false},"excerpt":{"rendered":"<p>La segunda edici\u00f3n de la Fiesta de la Cerveza del Sur Mendocino fue presentada en el Kil\u00f3metro Cero de General Alvear, &#8230;<\/p>\n","protected":false},"author":7,"featured_media":164546,"comment_status":"open","ping_status":"open","sticky":false,"template":"","format":"standard","meta":{"footnotes":""},"categories":[1],"tags":[],"class_list":["post-164535","post","type-post","status-publish","format-standard","has-post-thumbnail","hentry","category-fmvinas"],"_links":{"self":[{"href":"https:\/\/vinasfm.com\/noticias\/wp-json\/wp\/v2\/posts\/164535","targetHints":{"allow":["GET"]}}],"collection":[{"href":"https:\/\/vinasfm.com\/noticias\/wp-json\/wp\/v2\/posts"}],"about":[{"href":"https:\/\/vinasfm.com\/noticias\/wp-json\/wp\/v2\/types\/post"}],"author":[{"embeddable":true,"href":"https:\/\/vinasfm.com\/noticias\/wp-json\/wp\/v2\/users\/7"}],"replies":[{"embeddable":true,"href":"https:\/\/vinasfm.com\/noticias\/wp-json\/wp\/v2\/comments?post=164535"}],"version-history":[{"count":3,"href":"https:\/\/vinasfm.com\/noticias\/wp-json\/wp\/v2\/posts\/164535\/revisions"}],"predecessor-version":[{"id":164559,"href":"https:\/\/vinasfm.com\/noticias\/wp-json\/wp\/v2\/posts\/164535\/revisions\/164559"}],"wp:featuredmedia":[{"embeddable":true,"href":"https:\/\/vinasfm.com\/noticias\/wp-json\/wp\/v2\/media\/164546"}],"wp:attachment":[{"href":"https:\/\/vinasfm.com\/noticias\/wp-json\/wp\/v2\/media?parent=164535"}],"wp:term":[{"taxonomy":"category","embeddable":true,"href":"https:\/\/vinasfm.com\/noticias\/wp-json\/wp\/v2\/categories?post=164535"},{"taxonomy":"post_tag","embeddable":true,"href":"https:\/\/vinasfm.com\/noticias\/wp-json\/wp\/v2\/tags?post=164535"}],"curies":[{"name":"wp","href":"https:\/\/api.w.org\/{rel}","templated":true}]}}