{"id":164524,"date":"2026-09-04T11:48:36","date_gmt":"2026-09-04T14:48:36","guid":{"rendered":"https:\/\/vinasfm.com\/noticias\/?p=164524"},"modified":"2026-09-04T11:48:36","modified_gmt":"2026-09-04T14:48:36","slug":"conoce-todas-las-actividades-que-se-vienen-al-departamento","status":"publish","type":"post","link":"https:\/\/vinasfm.com\/noticias\/conoce-todas-las-actividades-que-se-vienen-al-departamento\/","title":{"rendered":"CONOC\u00c9 TODAS LAS ACTIVIDADES QUE SE VIENEN AL DEPARTAMENTO"},"content":{"rendered":"<h4><strong>La directora de Cultura, Viviana Giaccar\u00eda, present\u00f3 las distintas propuestas que se desarrollar\u00e1n durante los pr\u00f3ximos d\u00edas en General Alvear, con opciones para p\u00fablicos de todas las edades.<\/strong><\/h4>\n<p>La programaci\u00f3n incluye funciones de cine en el Cine Teatro Antonio Lafalla y el tributo a Michael Jackson que tendr\u00e1 lugar el s\u00e1bado por la noche. Tambi\u00e9n se realizar\u00e1n actividades vinculadas al D\u00eda del Inmigrante, con actos conmemorativos y la entrega de premios de un concurso literario.<\/p>\n<p>Por otra parte, Casa Salonia ser\u00e1 sede de una capacitaci\u00f3n gratuita de tango, mientras que en horas de la noche se llevar\u00e1 a cabo la milonga \u201cLa Rom\u00e1ntica\u201d, que reunir\u00e1 a bailarines, m\u00fasicos y aficionados del g\u00e9nero.<\/p>\n<p>Con una variada oferta art\u00edstica y cultural Alvear suma espacios de formaci\u00f3n, espect\u00e1culos y encuentros para la comunidad.<\/p>\n","protected":false},"excerpt":{"rendered":"<p>La directora de Cultura, Viviana Giaccar\u00eda, present\u00f3 las distintas propuestas que se desarrollar\u00e1n durante los pr\u00f3ximos d\u00edas en General Alvear, con &#8230;<\/p>\n","protected":false},"author":7,"featured_media":40103,"comment_status":"open","ping_status":"open","sticky":false,"template":"","format":"standard","meta":{"footnotes":""},"categories":[1],"tags":[],"class_list":["post-164524","post","type-post","status-publish","format-standard","has-post-thumbnail","hentry","category-fmvinas"],"_links":{"self":[{"href":"https:\/\/vinasfm.com\/noticias\/wp-json\/wp\/v2\/posts\/164524","targetHints":{"allow":["GET"]}}],"collection":[{"href":"https:\/\/vinasfm.com\/noticias\/wp-json\/wp\/v2\/posts"}],"about":[{"href":"https:\/\/vinasfm.com\/noticias\/wp-json\/wp\/v2\/types\/post"}],"author":[{"embeddable":true,"href":"https:\/\/vinasfm.com\/noticias\/wp-json\/wp\/v2\/users\/7"}],"replies":[{"embeddable":true,"href":"https:\/\/vinasfm.com\/noticias\/wp-json\/wp\/v2\/comments?post=164524"}],"version-history":[{"count":2,"href":"https:\/\/vinasfm.com\/noticias\/wp-json\/wp\/v2\/posts\/164524\/revisions"}],"predecessor-version":[{"id":164526,"href":"https:\/\/vinasfm.com\/noticias\/wp-json\/wp\/v2\/posts\/164524\/revisions\/164526"}],"wp:featuredmedia":[{"embeddable":true,"href":"https:\/\/vinasfm.com\/noticias\/wp-json\/wp\/v2\/media\/40103"}],"wp:attachment":[{"href":"https:\/\/vinasfm.com\/noticias\/wp-json\/wp\/v2\/media?parent=164524"}],"wp:term":[{"taxonomy":"category","embeddable":true,"href":"https:\/\/vinasfm.com\/noticias\/wp-json\/wp\/v2\/categories?post=164524"},{"taxonomy":"post_tag","embeddable":true,"href":"https:\/\/vinasfm.com\/noticias\/wp-json\/wp\/v2\/tags?post=164524"}],"curies":[{"name":"wp","href":"https:\/\/api.w.org\/{rel}","templated":true}]}}