{"id":164488,"date":"2026-09-04T08:51:37","date_gmt":"2026-09-04T11:51:37","guid":{"rendered":"https:\/\/vinasfm.com\/noticias\/?p=164488"},"modified":"2026-09-04T08:51:37","modified_gmt":"2026-09-04T11:51:37","slug":"se-llevo-adelante-una-capacitacion-sobre-manejo-de-plagas-y-calibracion-de-pulverizadoras","status":"publish","type":"post","link":"https:\/\/vinasfm.com\/noticias\/se-llevo-adelante-una-capacitacion-sobre-manejo-de-plagas-y-calibracion-de-pulverizadoras\/","title":{"rendered":"SE LLEVO ADELANTE UNA CAPACITACI\u00d3N SOBRE MANEJO DE PLAGAS Y CALIBRACI\u00d3N DE PULVERIZADORAS"},"content":{"rendered":"<h4>Productores y alumnos de la Escuela T\u00e9cnica Agropecuaria N\u00b0 4-171 \u00abPreceptora Hilda Mabel Coria\u00bb, de Carmensa participaron de una jornada t\u00e9cnica sobre manejo de plagas y calibraci\u00f3n de m\u00e1quinas pulverizadoras, organizada en conjunto por la Municipalidad de General Alvear y el ISCAMEN.<\/h4>\n<p>La actividad se desarroll\u00f3 en la Finca Modelo Fara\u00f3n y cont\u00f3 con una instancia te\u00f3rica y otra pr\u00e1ctica, donde se abordaron herramientas para identificar plagas, mantener el equilibrio de los cultivos y realizar aplicaciones de manera eficiente.<\/p>\n<p><a href=\"https:\/\/vinasfm.com\/noticias\/wp-content\/uploads\/2026\/09\/IMG-20260903-WA0027.jpg\"><img loading=\"lazy\" decoding=\"async\" class=\"alignnone size-large wp-image-164498\" src=\"https:\/\/vinasfm.com\/noticias\/wp-content\/uploads\/2026\/09\/IMG-20260903-WA0027-1024x576.jpg\" alt=\"\" width=\"1024\" height=\"576\" srcset=\"https:\/\/vinasfm.com\/noticias\/wp-content\/uploads\/2026\/09\/IMG-20260903-WA0027-1024x576.jpg 1024w, https:\/\/vinasfm.com\/noticias\/wp-content\/uploads\/2026\/09\/IMG-20260903-WA0027-300x169.jpg 300w, https:\/\/vinasfm.com\/noticias\/wp-content\/uploads\/2026\/09\/IMG-20260903-WA0027-768x432.jpg 768w, https:\/\/vinasfm.com\/noticias\/wp-content\/uploads\/2026\/09\/IMG-20260903-WA0027-1536x864.jpg 1536w, https:\/\/vinasfm.com\/noticias\/wp-content\/uploads\/2026\/09\/IMG-20260903-WA0027-1140x641.jpg 1140w, https:\/\/vinasfm.com\/noticias\/wp-content\/uploads\/2026\/09\/IMG-20260903-WA0027.jpg 1600w\" sizes=\"auto, (max-width: 1024px) 100vw, 1024px\" \/><\/a><\/p>\n<p><strong><span style=\"color: #339966;\">M\u00f3nica Giardina<\/span><\/strong>, t\u00e9cnica agr\u00f3noma del Programa de Agroecolog\u00eda del <strong><span style=\"color: #339966;\">ISCAMEN<\/span><\/strong>, explic\u00f3 que <em><strong>\u201cla idea es darle instrumentos al productor y a los estudiantes para identificar lo que est\u00e1 presente en el cultivo y hacer las acciones necesarias para su control\u201d<\/strong><\/em>.<\/p>\n<p>Durante la pr\u00e1ctica se trabaj\u00f3 espec\u00edficamente sobre la calibraci\u00f3n de pulverizadoras, los picos y los vol\u00famenes de agua necesarios para cada cultivo, aspectos fundamentales para optimizar las aplicaciones y reducir impactos sobre el ambiente.<\/p>\n<p><a href=\"https:\/\/vinasfm.com\/noticias\/wp-content\/uploads\/2026\/09\/IMG-20260903-WA0026.jpg\"><img loading=\"lazy\" decoding=\"async\" class=\"alignnone size-large wp-image-164497\" src=\"https:\/\/vinasfm.com\/noticias\/wp-content\/uploads\/2026\/09\/IMG-20260903-WA0026-1024x576.jpg\" alt=\"\" width=\"1024\" height=\"576\" srcset=\"https:\/\/vinasfm.com\/noticias\/wp-content\/uploads\/2026\/09\/IMG-20260903-WA0026-1024x576.jpg 1024w, https:\/\/vinasfm.com\/noticias\/wp-content\/uploads\/2026\/09\/IMG-20260903-WA0026-300x169.jpg 300w, https:\/\/vinasfm.com\/noticias\/wp-content\/uploads\/2026\/09\/IMG-20260903-WA0026-768x432.jpg 768w, https:\/\/vinasfm.com\/noticias\/wp-content\/uploads\/2026\/09\/IMG-20260903-WA0026-1536x864.jpg 1536w, https:\/\/vinasfm.com\/noticias\/wp-content\/uploads\/2026\/09\/IMG-20260903-WA0026-1140x641.jpg 1140w, https:\/\/vinasfm.com\/noticias\/wp-content\/uploads\/2026\/09\/IMG-20260903-WA0026.jpg 1600w\" sizes=\"auto, (max-width: 1024px) 100vw, 1024px\" \/><\/a><\/p>\n<p>La propuesta forma parte del trabajo conjunto entre el municipio y el <strong><span style=\"color: #339966;\">ISCAMEN<\/span><\/strong> para acercar capacitaci\u00f3n y herramientas t\u00e9cnicas, promoviendo pr\u00e1cticas m\u00e1s sustentables.<\/p>\n","protected":false},"excerpt":{"rendered":"<p>Productores y alumnos de la Escuela T\u00e9cnica Agropecuaria N\u00b0 4-171 \u00abPreceptora Hilda Mabel Coria\u00bb, de Carmensa participaron de una jornada t\u00e9cnica &#8230;<\/p>\n","protected":false},"author":7,"featured_media":164499,"comment_status":"open","ping_status":"open","sticky":false,"template":"","format":"standard","meta":{"footnotes":""},"categories":[1],"tags":[],"class_list":["post-164488","post","type-post","status-publish","format-standard","has-post-thumbnail","hentry","category-fmvinas"],"_links":{"self":[{"href":"https:\/\/vinasfm.com\/noticias\/wp-json\/wp\/v2\/posts\/164488","targetHints":{"allow":["GET"]}}],"collection":[{"href":"https:\/\/vinasfm.com\/noticias\/wp-json\/wp\/v2\/posts"}],"about":[{"href":"https:\/\/vinasfm.com\/noticias\/wp-json\/wp\/v2\/types\/post"}],"author":[{"embeddable":true,"href":"https:\/\/vinasfm.com\/noticias\/wp-json\/wp\/v2\/users\/7"}],"replies":[{"embeddable":true,"href":"https:\/\/vinasfm.com\/noticias\/wp-json\/wp\/v2\/comments?post=164488"}],"version-history":[{"count":2,"href":"https:\/\/vinasfm.com\/noticias\/wp-json\/wp\/v2\/posts\/164488\/revisions"}],"predecessor-version":[{"id":164501,"href":"https:\/\/vinasfm.com\/noticias\/wp-json\/wp\/v2\/posts\/164488\/revisions\/164501"}],"wp:featuredmedia":[{"embeddable":true,"href":"https:\/\/vinasfm.com\/noticias\/wp-json\/wp\/v2\/media\/164499"}],"wp:attachment":[{"href":"https:\/\/vinasfm.com\/noticias\/wp-json\/wp\/v2\/media?parent=164488"}],"wp:term":[{"taxonomy":"category","embeddable":true,"href":"https:\/\/vinasfm.com\/noticias\/wp-json\/wp\/v2\/categories?post=164488"},{"taxonomy":"post_tag","embeddable":true,"href":"https:\/\/vinasfm.com\/noticias\/wp-json\/wp\/v2\/tags?post=164488"}],"curies":[{"name":"wp","href":"https:\/\/api.w.org\/{rel}","templated":true}]}}