{"id":164480,"date":"2026-09-03T19:16:49","date_gmt":"2026-09-03T22:16:49","guid":{"rendered":"https:\/\/vinasfm.com\/noticias\/?p=164480"},"modified":"2026-09-03T19:16:49","modified_gmt":"2026-09-03T22:16:49","slug":"german-gomez-asumio-la-presidencia-de-la-bicameral-de-seguridad","status":"publish","type":"post","link":"https:\/\/vinasfm.com\/noticias\/german-gomez-asumio-la-presidencia-de-la-bicameral-de-seguridad\/","title":{"rendered":"GERM\u00c1N G\u00d3MEZ ASUMI\u00d3 LA PRESIDENCIA DE LA BICAMERAL DE SEGURIDAD"},"content":{"rendered":"<h4><strong>La Comisi\u00f3n Bicameral de Seguridad de la Legislatura de Mendoza volvi\u00f3 a quedar formalmente constituida y ser\u00e1 presidida por el diputado sanrafaelino Germ\u00e1n G\u00f3mez (PJ). Como vicepresidente fue designado el senador N\u00e9stor Majul (UCR). El organismo estableci\u00f3 adem\u00e1s que sus reuniones se realizar\u00e1n los lunes a las 10 de la ma\u00f1ana.<\/strong><\/h4>\n<p>La nueva conducci\u00f3n se defini\u00f3 luego de que ambas c\u00e1maras legislativas designaran a sus representantes. La comisi\u00f3n contar\u00e1 tambi\u00e9n con las secretar\u00edas a cargo de las diputadas <strong><span style=\"color: #333399;\">Cintia G\u00f3mez<\/span><\/strong> (PRO) y <strong><span style=\"color: #333399;\">Lidia Quintana<\/span><\/strong> (Fuerza Patria), y de la senadora <strong><span style=\"color: #333399;\">Macarena D\u2019Ambrogio<\/span><\/strong> (LLA). Las tem\u00e1ticas y la metodolog\u00eda de trabajo ser\u00e1n definidas en el pr\u00f3ximo encuentro.<\/p>\n<p>Al asumir la presidencia, G\u00f3mez plante\u00f3 que la intenci\u00f3n ser\u00e1 <em><strong>\u201cno tener una posici\u00f3n individual, sino trabajar de manera conjunta, m\u00e1s all\u00e1 de las cuestiones ideol\u00f3gicas y partidarias\u201d<\/strong><\/em>. Sostuvo que <em><strong>\u201cla pol\u00edtica de seguridad es una gesti\u00f3n estrat\u00e9gica de la provincia de Mendoza\u201d<\/strong><\/em> y que la Bicameral tiene <em><strong>\u201cla responsabilidad de auditar las pol\u00edticas p\u00fablicas en materia de seguridad\u201d<\/strong><\/em>.<\/p>\n<p>El legislador sanrafaelino propuso adem\u00e1s elaborar una agenda de trabajo participativa y remarc\u00f3 la importancia de otorgarle valor institucional a la comisi\u00f3n. <em><strong>\u201cPara m\u00ed vale la opini\u00f3n de todos los integrantes de la Comisi\u00f3n aunque no coincidan con la m\u00eda\u201d<\/strong><\/em>, expres\u00f3.<\/p>\n<p>La Bicameral tendr\u00e1 entre sus funciones el seguimiento del sistema provincial de seguridad p\u00fablica, el an\u00e1lisis de las pol\u00edticas implementadas y la convocatoria de funcionarios y otros actores vinculados con el \u00e1rea.<\/p>\n<p>Su \u00faltima instancia formal hab\u00eda sido el 17 de junio de 2025, cuando el sanrafaelino present\u00f3 el informe anual correspondiente a la labor realizada en el 2024.<\/p>\n","protected":false},"excerpt":{"rendered":"<p>La Comisi\u00f3n Bicameral de Seguridad de la Legislatura de Mendoza volvi\u00f3 a quedar formalmente constituida y ser\u00e1 presidida por el diputado &#8230;<\/p>\n","protected":false},"author":7,"featured_media":164481,"comment_status":"open","ping_status":"open","sticky":false,"template":"","format":"standard","meta":{"footnotes":""},"categories":[1],"tags":[],"class_list":["post-164480","post","type-post","status-publish","format-standard","has-post-thumbnail","hentry","category-fmvinas"],"_links":{"self":[{"href":"https:\/\/vinasfm.com\/noticias\/wp-json\/wp\/v2\/posts\/164480","targetHints":{"allow":["GET"]}}],"collection":[{"href":"https:\/\/vinasfm.com\/noticias\/wp-json\/wp\/v2\/posts"}],"about":[{"href":"https:\/\/vinasfm.com\/noticias\/wp-json\/wp\/v2\/types\/post"}],"author":[{"embeddable":true,"href":"https:\/\/vinasfm.com\/noticias\/wp-json\/wp\/v2\/users\/7"}],"replies":[{"embeddable":true,"href":"https:\/\/vinasfm.com\/noticias\/wp-json\/wp\/v2\/comments?post=164480"}],"version-history":[{"count":2,"href":"https:\/\/vinasfm.com\/noticias\/wp-json\/wp\/v2\/posts\/164480\/revisions"}],"predecessor-version":[{"id":164483,"href":"https:\/\/vinasfm.com\/noticias\/wp-json\/wp\/v2\/posts\/164480\/revisions\/164483"}],"wp:featuredmedia":[{"embeddable":true,"href":"https:\/\/vinasfm.com\/noticias\/wp-json\/wp\/v2\/media\/164481"}],"wp:attachment":[{"href":"https:\/\/vinasfm.com\/noticias\/wp-json\/wp\/v2\/media?parent=164480"}],"wp:term":[{"taxonomy":"category","embeddable":true,"href":"https:\/\/vinasfm.com\/noticias\/wp-json\/wp\/v2\/categories?post=164480"},{"taxonomy":"post_tag","embeddable":true,"href":"https:\/\/vinasfm.com\/noticias\/wp-json\/wp\/v2\/tags?post=164480"}],"curies":[{"name":"wp","href":"https:\/\/api.w.org\/{rel}","templated":true}]}}