{"id":164471,"date":"2026-09-03T12:16:17","date_gmt":"2026-09-03T15:16:17","guid":{"rendered":"https:\/\/vinasfm.com\/noticias\/?p=164471"},"modified":"2026-09-03T12:16:17","modified_gmt":"2026-09-03T15:16:17","slug":"se-realizo-una-firma-de-convenio-para-acompanar-a-productores-horticolas","status":"publish","type":"post","link":"https:\/\/vinasfm.com\/noticias\/se-realizo-una-firma-de-convenio-para-acompanar-a-productores-horticolas\/","title":{"rendered":"SE REALIZ\u00d3 UNA FIRMA DE CONVENIO PARA ACOMPA\u00d1AR A PRODUCTORES HORT\u00cdCOLAS"},"content":{"rendered":"<h4><strong>La Municipalidad de General Alvear firm\u00f3 un nuevo convenio destinado a productores hort\u00edcolas del departamento, mediante el cual se otorgar\u00e1n cr\u00e9ditos a tasa cero para la compra de plantines de tomate, pimiento y mel\u00f3n.<\/strong><\/h4>\n<p>El secretario de Desarrollo y Promoci\u00f3n Departamental, <strong><span style=\"color: #800080;\">Guillermo Mod\u00f3n<\/span><\/strong>, explic\u00f3 que este a\u00f1o se destinar\u00e1n 50 millones de pesos para 27 productores, en el marco del plan hort\u00edcola que impulsa la comuna. <em><strong>\u201cDestinamos 2 millones por hect\u00e1rea para la compra de plantines, para fortalecer el plan hort\u00edcola que tiene la municipalidad y que a\u00f1o a a\u00f1o se lleva adelante\u201d<\/strong><\/em>, se\u00f1al\u00f3.<\/p>\n<p><a href=\"https:\/\/vinasfm.com\/noticias\/wp-content\/uploads\/2026\/09\/IMG-20260903-WA0016.jpg\"><img loading=\"lazy\" decoding=\"async\" class=\"alignnone size-large wp-image-164474\" src=\"https:\/\/vinasfm.com\/noticias\/wp-content\/uploads\/2026\/09\/IMG-20260903-WA0016-1024x576.jpg\" alt=\"\" width=\"1024\" height=\"576\" srcset=\"https:\/\/vinasfm.com\/noticias\/wp-content\/uploads\/2026\/09\/IMG-20260903-WA0016-1024x576.jpg 1024w, https:\/\/vinasfm.com\/noticias\/wp-content\/uploads\/2026\/09\/IMG-20260903-WA0016-300x169.jpg 300w, https:\/\/vinasfm.com\/noticias\/wp-content\/uploads\/2026\/09\/IMG-20260903-WA0016-768x432.jpg 768w, https:\/\/vinasfm.com\/noticias\/wp-content\/uploads\/2026\/09\/IMG-20260903-WA0016-1536x864.jpg 1536w, https:\/\/vinasfm.com\/noticias\/wp-content\/uploads\/2026\/09\/IMG-20260903-WA0016-1140x641.jpg 1140w, https:\/\/vinasfm.com\/noticias\/wp-content\/uploads\/2026\/09\/IMG-20260903-WA0016.jpg 1600w\" sizes=\"auto, (max-width: 1024px) 100vw, 1024px\" \/><\/a><\/p>\n<p>Adem\u00e1s, destac\u00f3 que se trata de una herramienta de acompa\u00f1amiento para el sector: <em><strong>\u201cla idea es ayudar a los productores para que se puedan ir volcando a actividades que esquiven un poco las contingencias que sufre la zona\u201d<\/strong><\/em>.<\/p>\n<p>Respecto a la modalidad del financiamiento, indic\u00f3 que <em><strong>\u201clas condiciones son a tasa cero, se les da el cr\u00e9dito ahora y reci\u00e9n se devuelve el a\u00f1o que viene, el 30 de junio\u201d<\/strong><\/em>, permitiendo que los productores completen el ciclo productivo antes de reintegrar los fondos.<\/p>\n<p><a href=\"https:\/\/vinasfm.com\/noticias\/wp-content\/uploads\/2026\/09\/IMG-20260903-WA0018.jpg\"><img loading=\"lazy\" decoding=\"async\" class=\"alignnone size-large wp-image-164473\" src=\"https:\/\/vinasfm.com\/noticias\/wp-content\/uploads\/2026\/09\/IMG-20260903-WA0018-1024x576.jpg\" alt=\"\" width=\"1024\" height=\"576\" srcset=\"https:\/\/vinasfm.com\/noticias\/wp-content\/uploads\/2026\/09\/IMG-20260903-WA0018-1024x576.jpg 1024w, https:\/\/vinasfm.com\/noticias\/wp-content\/uploads\/2026\/09\/IMG-20260903-WA0018-300x169.jpg 300w, https:\/\/vinasfm.com\/noticias\/wp-content\/uploads\/2026\/09\/IMG-20260903-WA0018-768x432.jpg 768w, https:\/\/vinasfm.com\/noticias\/wp-content\/uploads\/2026\/09\/IMG-20260903-WA0018-1536x864.jpg 1536w, https:\/\/vinasfm.com\/noticias\/wp-content\/uploads\/2026\/09\/IMG-20260903-WA0018-1140x641.jpg 1140w, https:\/\/vinasfm.com\/noticias\/wp-content\/uploads\/2026\/09\/IMG-20260903-WA0018.jpg 1600w\" sizes=\"auto, (max-width: 1024px) 100vw, 1024px\" \/><\/a><\/p>\n<p>Por su parte, el productor <strong><span style=\"color: #800080;\">Marcelo Samchuk<\/span><\/strong>, de Carmensa, valor\u00f3 el programa y asegur\u00f3 que <em><strong>\u201cpara todos los productores es una gran herramienta\u201d<\/strong><\/em>. En ese sentido, agreg\u00f3: <strong><em>\u201cmuchas veces uno no tiene la plata para pagar los plantines ahora y la municipalidad te da el dinero; despu\u00e9s lo devolv\u00e9s cuando termina la temporada\u201d<\/em><\/strong>.<\/p>\n<p>El programa busca facilitar el acceso a insumos esenciales para la pr\u00f3xima campa\u00f1a y acompa\u00f1ar el desarrollo de una actividad que contin\u00faa ganando espacio en la matriz productiva del departamento.<\/p>\n<p><a href=\"https:\/\/vinasfm.com\/noticias\/wp-content\/uploads\/2026\/09\/IMG-20260903-WA0019.jpg\"><img loading=\"lazy\" decoding=\"async\" class=\"alignnone size-large wp-image-164472\" src=\"https:\/\/vinasfm.com\/noticias\/wp-content\/uploads\/2026\/09\/IMG-20260903-WA0019-1024x576.jpg\" alt=\"\" width=\"1024\" height=\"576\" srcset=\"https:\/\/vinasfm.com\/noticias\/wp-content\/uploads\/2026\/09\/IMG-20260903-WA0019-1024x576.jpg 1024w, https:\/\/vinasfm.com\/noticias\/wp-content\/uploads\/2026\/09\/IMG-20260903-WA0019-300x169.jpg 300w, https:\/\/vinasfm.com\/noticias\/wp-content\/uploads\/2026\/09\/IMG-20260903-WA0019-768x432.jpg 768w, https:\/\/vinasfm.com\/noticias\/wp-content\/uploads\/2026\/09\/IMG-20260903-WA0019-1536x864.jpg 1536w, https:\/\/vinasfm.com\/noticias\/wp-content\/uploads\/2026\/09\/IMG-20260903-WA0019-1140x641.jpg 1140w, https:\/\/vinasfm.com\/noticias\/wp-content\/uploads\/2026\/09\/IMG-20260903-WA0019.jpg 1600w\" sizes=\"auto, (max-width: 1024px) 100vw, 1024px\" \/><\/a><\/p>\n","protected":false},"excerpt":{"rendered":"<p>La Municipalidad de General Alvear firm\u00f3 un nuevo convenio destinado a productores hort\u00edcolas del departamento, mediante el cual se otorgar\u00e1n cr\u00e9ditos &#8230;<\/p>\n","protected":false},"author":7,"featured_media":164475,"comment_status":"open","ping_status":"open","sticky":false,"template":"","format":"standard","meta":{"footnotes":""},"categories":[1],"tags":[],"class_list":["post-164471","post","type-post","status-publish","format-standard","has-post-thumbnail","hentry","category-fmvinas"],"_links":{"self":[{"href":"https:\/\/vinasfm.com\/noticias\/wp-json\/wp\/v2\/posts\/164471","targetHints":{"allow":["GET"]}}],"collection":[{"href":"https:\/\/vinasfm.com\/noticias\/wp-json\/wp\/v2\/posts"}],"about":[{"href":"https:\/\/vinasfm.com\/noticias\/wp-json\/wp\/v2\/types\/post"}],"author":[{"embeddable":true,"href":"https:\/\/vinasfm.com\/noticias\/wp-json\/wp\/v2\/users\/7"}],"replies":[{"embeddable":true,"href":"https:\/\/vinasfm.com\/noticias\/wp-json\/wp\/v2\/comments?post=164471"}],"version-history":[{"count":2,"href":"https:\/\/vinasfm.com\/noticias\/wp-json\/wp\/v2\/posts\/164471\/revisions"}],"predecessor-version":[{"id":164479,"href":"https:\/\/vinasfm.com\/noticias\/wp-json\/wp\/v2\/posts\/164471\/revisions\/164479"}],"wp:featuredmedia":[{"embeddable":true,"href":"https:\/\/vinasfm.com\/noticias\/wp-json\/wp\/v2\/media\/164475"}],"wp:attachment":[{"href":"https:\/\/vinasfm.com\/noticias\/wp-json\/wp\/v2\/media?parent=164471"}],"wp:term":[{"taxonomy":"category","embeddable":true,"href":"https:\/\/vinasfm.com\/noticias\/wp-json\/wp\/v2\/categories?post=164471"},{"taxonomy":"post_tag","embeddable":true,"href":"https:\/\/vinasfm.com\/noticias\/wp-json\/wp\/v2\/tags?post=164471"}],"curies":[{"name":"wp","href":"https:\/\/api.w.org\/{rel}","templated":true}]}}