{"id":164465,"date":"2026-09-03T11:20:59","date_gmt":"2026-09-03T14:20:59","guid":{"rendered":"https:\/\/vinasfm.com\/noticias\/?p=164465"},"modified":"2026-09-03T11:20:59","modified_gmt":"2026-09-03T14:20:59","slug":"lucha-antigranizo-la-respuesta-de-san-rafael-tras-la-cesion-de-las-aviones-por-parte-del-gobierno","status":"publish","type":"post","link":"https:\/\/vinasfm.com\/noticias\/lucha-antigranizo-la-respuesta-de-san-rafael-tras-la-cesion-de-las-aviones-por-parte-del-gobierno\/","title":{"rendered":"LUCHA ANTIGRANIZO: LA RESPUESTA DE SAN RAFAEL TRAS LA CESI\u00d3N DE LAS AVIONES POR PARTE DEL GOBIERNO"},"content":{"rendered":"<h4><strong>El Municipio defendi\u00f3 la eficacia del sistema y sostuvo que la Provincia debe hacerse cargo. Tambi\u00e9n revel\u00f3 una deuda de General Alvear con San Rafael.<\/strong><\/h4>\n<article class=\"article-body article-body--first-paragraph\">\n<p id=\"p-1788398063631-38790\" class=\"\">La decisi\u00f3n del Gobierno de Mendoza de\u00a0<strong>ceder dos aviones de la\u00a0lucha antigranizo\u00a0a San Rafael y General Alvear<\/strong>\u00a0sum\u00f3 una nueva reacci\u00f3n desde el peronismo sanrafaelino. El concejal\u00a0<strong>Francisco Perdigues<\/strong>, exdirector de Auditor\u00eda del municipio, cuestion\u00f3\u00a0<strong>el esquema planteado por la Provincia<\/strong>\u00a0y sostuvo que las comunas no est\u00e1n en condiciones de afrontar el costo de la pr\u00f3xima campa\u00f1a.<\/p>\n<\/article>\n<article class=\"article-body article-body--second-paragraph\">\n<p id=\"p-1788398063631-28591\" class=\"\">\u00abEl nivel de improvisaci\u00f3n que tiene el Ministerio de Producci\u00f3n es preocupante.\u00a0<strong>El fin de semana la lucha antigranizo no serv\u00eda, ayer nos vend\u00edan los aviones, y hoy nos los ceden<\/strong>\u00ab, cuestion\u00f3 Perdigues.<\/p>\n<\/article>\n<article class=\"article-body article-body--second-paragraph\">\n<p id=\"p-1788398063631-53453\" class=\"\">El dirigente peronista sostuvo, adem\u00e1s, que\u00a0<strong>la Provincia deber\u00eda volver a hacerse cargo del sistema<\/strong>, al recordar que el gobernador\u00a0<strong>Alfredo Cornejo hab\u00eda planteado<\/strong>\u00a0en diciembre de 2024 \u2014cuando se decidi\u00f3 desfinanciar la lucha por parte de la Provincia\u2014\u00a0<strong>que revisar\u00eda su decisi\u00f3n si el mecanismo demostraba ser efectivo<\/strong>.<\/p>\n<p id=\"p-1788398063631-44028\" class=\"\">\u00ab<strong>Un municipio no se puede hacer cargo de comprar un avi\u00f3n y tampoco ahora de mantener un servicio que se lo trasladamos a los sanrafaelinos<\/strong>\u00ab, se\u00f1al\u00f3, en relaci\u00f3n a la propuesta surgida desde General Alvear de adquirir una de las aeronaves del Gobierno provincial, y a c\u00f3mo se financia el sistema, a trav\u00e9s del pago de una tasa municipal.<\/p>\n<p id=\"p-1788398063631-45368\" class=\"\">La discusi\u00f3n tom\u00f3 otro cariz despu\u00e9s de que el Gobierno provincial anunciara que\u00a0<strong>dos de los cuatro aviones que iban a ser subastados fueron\u00a0<a href=\"https:\/\/www.sitioandino.com.ar\/politica\/como-cede-el-gobierno-mendoza-los-aviones-la-lucha-antigranizo-san-rafael-y-general-alvear-n5729453\" target=\"_blank\" rel=\"follow noopener\">retirados de la venta para ofrec\u00e9rselos directamente a San Rafael y General Alvear<\/a><\/strong>. Alvear ya manifest\u00f3 su inter\u00e9s, mientras que San Rafael todav\u00eda debe definir si acepta el esquema.<\/p>\n<p id=\"p-1788398063631-21991\" class=\"\">La Provincia, en tanto, mantendr\u00eda la\u00a0<strong>radarizaci\u00f3n y podr\u00eda facilitar la compra de bengalas<\/strong>, mientras que la operaci\u00f3n cotidiana del sistema quedar\u00eda a cargo de los municipios.<\/p>\n<h2 id=\"p-1788398063631-87482\">Lucha antigranizo: la deuda de General Alvear y el costo para San Rafael<\/h2>\n<p id=\"p-1788398063631-81729\" class=\"\">Uno de los puntos que puso sobre la mesa Perdigues fue el costo que tuvo el sistema para las comunas durante las \u00faltimas dos temporadas. Seg\u00fan explic\u00f3,\u00a0<strong>la lucha antigranizo demand\u00f3 alrededor de $3.600 millones<\/strong>, de los cuales General Alvear deb\u00eda afrontar el 30%.<\/p>\n<p id=\"p-1788398063631-81937\" class=\"\">Perdigues asegur\u00f3 que San Rafael todav\u00eda tiene\u00a0<strong>$1.200 millones que no logr\u00f3 recuperar<\/strong>, monto que el municipio termin\u00f3 de pagar en marzo de este a\u00f1o y que fue afrontado con recursos municipales. \u00ab<strong>Todos los sanrafaelinos han pagado el servicio de la lucha antigranizo<\/strong>\u00ab, sostuvo.<\/p>\n<p id=\"p-1788398063631-98114\" class=\"\">Adem\u00e1s, revel\u00f3 que\u00a0<strong>General Alvear todav\u00eda mantiene una deuda con San Rafael y con el fideicomiso utilizado para financiar el sistema<\/strong>. Seg\u00fan sus n\u00fameros, la comuna alvearense adeuda actualmente\u00a0<strong>unos $60 millones al municipio de San Rafael y otros $150 millones al fideicomiso<\/strong>.<\/p>\n<p id=\"p-1788398063631-75772\" class=\"\">Para Perdigues, este antecedente tambi\u00e9n representa un problema frente a la posibilidad de que ambos municipios deban asociarse nuevamente para sostener la campa\u00f1a. \u00ab<strong>Tener un socio como Alvear que no cumple es bastante perjudicial para nosotros<\/strong>\u00ab, afirm\u00f3.<\/p>\n<h6><strong><span style=\"color: #00ccff;\">Fuente: Sitio Andino<\/span><\/strong><\/h6>\n<\/article>\n","protected":false},"excerpt":{"rendered":"<p>El Municipio defendi\u00f3 la eficacia del sistema y sostuvo que la Provincia debe hacerse cargo. Tambi\u00e9n revel\u00f3 una deuda de General &#8230;<\/p>\n","protected":false},"author":7,"featured_media":147147,"comment_status":"open","ping_status":"open","sticky":false,"template":"","format":"standard","meta":{"footnotes":""},"categories":[1],"tags":[],"class_list":["post-164465","post","type-post","status-publish","format-standard","has-post-thumbnail","hentry","category-fmvinas"],"_links":{"self":[{"href":"https:\/\/vinasfm.com\/noticias\/wp-json\/wp\/v2\/posts\/164465","targetHints":{"allow":["GET"]}}],"collection":[{"href":"https:\/\/vinasfm.com\/noticias\/wp-json\/wp\/v2\/posts"}],"about":[{"href":"https:\/\/vinasfm.com\/noticias\/wp-json\/wp\/v2\/types\/post"}],"author":[{"embeddable":true,"href":"https:\/\/vinasfm.com\/noticias\/wp-json\/wp\/v2\/users\/7"}],"replies":[{"embeddable":true,"href":"https:\/\/vinasfm.com\/noticias\/wp-json\/wp\/v2\/comments?post=164465"}],"version-history":[{"count":1,"href":"https:\/\/vinasfm.com\/noticias\/wp-json\/wp\/v2\/posts\/164465\/revisions"}],"predecessor-version":[{"id":164466,"href":"https:\/\/vinasfm.com\/noticias\/wp-json\/wp\/v2\/posts\/164465\/revisions\/164466"}],"wp:featuredmedia":[{"embeddable":true,"href":"https:\/\/vinasfm.com\/noticias\/wp-json\/wp\/v2\/media\/147147"}],"wp:attachment":[{"href":"https:\/\/vinasfm.com\/noticias\/wp-json\/wp\/v2\/media?parent=164465"}],"wp:term":[{"taxonomy":"category","embeddable":true,"href":"https:\/\/vinasfm.com\/noticias\/wp-json\/wp\/v2\/categories?post=164465"},{"taxonomy":"post_tag","embeddable":true,"href":"https:\/\/vinasfm.com\/noticias\/wp-json\/wp\/v2\/tags?post=164465"}],"curies":[{"name":"wp","href":"https:\/\/api.w.org\/{rel}","templated":true}]}}