{"id":164462,"date":"2026-09-03T12:03:46","date_gmt":"2026-09-03T15:03:46","guid":{"rendered":"https:\/\/vinasfm.com\/noticias\/?p=164462"},"modified":"2026-09-03T12:04:53","modified_gmt":"2026-09-03T15:04:53","slug":"a-50-anos-de-egresar-una-promocion-de-la-escuela-tecnica-vuelve-a-reunirse-para-celebrar-su-historia","status":"publish","type":"post","link":"https:\/\/vinasfm.com\/noticias\/a-50-anos-de-egresar-una-promocion-de-la-escuela-tecnica-vuelve-a-reunirse-para-celebrar-su-historia\/","title":{"rendered":"A 50 A\u00d1OS DE EGRESAR, UNA PROMOCI\u00d3N DE LA ESCUELA T\u00c9CNICA VUELVE A REUNIRSE PARA CELEBRAR SU HISTORIA"},"content":{"rendered":"<p><strong>Este viernes un grupo de ex alumnos de la Escuela T\u00e9cnica de nuestro departamento conmemorar\u00e1 medio siglo de su egreso con un acto, colocaci\u00f3n de una placa recordatoria y un \u00e1gape junto a docentes que tambi\u00e9n formaron parte de aquella etapa.\u00a0<\/strong><\/p>\n<p>En di\u00e1logo con <strong><span style=\"color: #333399;\">FM VI\u00d1AS<\/span><\/strong>, <strong>Abel Noguerol<\/strong>, ex alumno del establecimiento educativo dio detalles de las actividades que van a llevar adelante: <em><strong>&#8216;el paso del tiempo no logr\u00f3 borrar los recuerdos de una generaci\u00f3n que fue protagonista de los primeros a\u00f1os de la Escuela, por eso este viernes a las 10:00 h se realizar\u00e1 un acto conmemorativo tambi\u00e9n colocaremos una placa recordatoria y luego disfrutaremos de un \u00e1gape junto a algunos de los profesores que ya confirmaron su asistencia&#8217;<\/strong><\/em>, adelant\u00f3 Noguerol.<\/p>\n<p>La promoci\u00f3n estaba integrada originalmente por 15 estudiantes, con el paso de los a\u00f1os dos de ellos Pedro fallecieron. De los 13 que permanecen, al menos 11 estar\u00e1n presentes en esta celebraci\u00f3n.<\/p>\n<p>El <strong><span style=\"color: #333399;\">reencuentro tendr\u00e1 un car\u00e1cter especial<\/span><\/strong> porque algunos de los exalumnos llegar\u00e1n desde Cipolletti, Buenos Aires, San Luis y Estados Unidos: <strong><em>&#8216;esta<\/em> generaci\u00f3n fue tomando distintos caminos, algunos j\u00f3venes debieron emigrar en busca de nuevas oportunidades&#8217;<\/strong>, coment\u00f3.<\/p>\n<p>La charla tambi\u00e9n estuvo atravesada por los recuerdos de aquellos docentes que marcaron a toda una generaci\u00f3n: <em><strong>&#8216;tenemos el mejor de los recuerdos, pese a las dificultades y sacrificios dejamos una huella profunda&#8217;<\/strong><\/em>, enfatiz\u00f3.<\/p>\n<p>Este recorrido <strong><span style=\"color: #333399;\">refleja el esp\u00edritu<\/span><\/strong> de una instituci\u00f3n que se convirti\u00f3 en una verdadera familia y que contin\u00faa vinculando a exalumnos de distintas generaciones.<\/p>\n","protected":false},"excerpt":{"rendered":"<p>Este viernes un grupo de ex alumnos de la Escuela T\u00e9cnica de nuestro departamento conmemorar\u00e1 medio siglo de su egreso con &#8230;<\/p>\n","protected":false},"author":7,"featured_media":13376,"comment_status":"open","ping_status":"open","sticky":false,"template":"","format":"standard","meta":{"footnotes":""},"categories":[1],"tags":[],"class_list":["post-164462","post","type-post","status-publish","format-standard","has-post-thumbnail","hentry","category-fmvinas"],"_links":{"self":[{"href":"https:\/\/vinasfm.com\/noticias\/wp-json\/wp\/v2\/posts\/164462","targetHints":{"allow":["GET"]}}],"collection":[{"href":"https:\/\/vinasfm.com\/noticias\/wp-json\/wp\/v2\/posts"}],"about":[{"href":"https:\/\/vinasfm.com\/noticias\/wp-json\/wp\/v2\/types\/post"}],"author":[{"embeddable":true,"href":"https:\/\/vinasfm.com\/noticias\/wp-json\/wp\/v2\/users\/7"}],"replies":[{"embeddable":true,"href":"https:\/\/vinasfm.com\/noticias\/wp-json\/wp\/v2\/comments?post=164462"}],"version-history":[{"count":4,"href":"https:\/\/vinasfm.com\/noticias\/wp-json\/wp\/v2\/posts\/164462\/revisions"}],"predecessor-version":[{"id":164470,"href":"https:\/\/vinasfm.com\/noticias\/wp-json\/wp\/v2\/posts\/164462\/revisions\/164470"}],"wp:featuredmedia":[{"embeddable":true,"href":"https:\/\/vinasfm.com\/noticias\/wp-json\/wp\/v2\/media\/13376"}],"wp:attachment":[{"href":"https:\/\/vinasfm.com\/noticias\/wp-json\/wp\/v2\/media?parent=164462"}],"wp:term":[{"taxonomy":"category","embeddable":true,"href":"https:\/\/vinasfm.com\/noticias\/wp-json\/wp\/v2\/categories?post=164462"},{"taxonomy":"post_tag","embeddable":true,"href":"https:\/\/vinasfm.com\/noticias\/wp-json\/wp\/v2\/tags?post=164462"}],"curies":[{"name":"wp","href":"https:\/\/api.w.org\/{rel}","templated":true}]}}