{"id":164458,"date":"2026-09-03T10:06:30","date_gmt":"2026-09-03T13:06:30","guid":{"rendered":"https:\/\/vinasfm.com\/noticias\/?p=164458"},"modified":"2026-09-03T10:06:30","modified_gmt":"2026-09-03T13:06:30","slug":"el-reclamo-de-los-productores-llego-al-concejo-deliberante-y-obtuvo-respaldo-unanime","status":"publish","type":"post","link":"https:\/\/vinasfm.com\/noticias\/el-reclamo-de-los-productores-llego-al-concejo-deliberante-y-obtuvo-respaldo-unanime\/","title":{"rendered":"EL RECLAMO DE LOS PRODUCTORES LLEG\u00d3 AL CONCEJO DELIBERANTE Y OBTUVO RESPALDO UN\u00c1NIME"},"content":{"rendered":"<h4><strong>El Concejo Deliberante aprob\u00f3 por unanimidad un proyecto que ser\u00e1 elevado al Gobierno de Mendoza con los reclamos de los productores. <\/strong><\/h4>\n<p>Continuidad de la <strong><span style=\"color: #800080;\">lucha antigranizo<\/span><\/strong>, <strong><span style=\"color: #800080;\">s<\/span><span style=\"color: #800080;\">eguro Agr\u00edcola<\/span><\/strong> y <strong><span style=\"color: #800080;\">financiamiento<\/span><\/strong> aparecen como los <strong><span style=\"color: #800080;\">principales ejes<\/span><\/strong> de preocupaci\u00f3n del sector.<\/p>\n<p>La concejal <span style=\"color: #800080;\"><strong>Florencia Escart\u00edn<\/strong><\/span> explic\u00f3 que el objetivo de la sesi\u00f3n fue dar respuesta al pedido de los productores: <em><strong>&#8216;durante el tratamiento se realizaron modificaciones al proyecto original y se intent\u00f3 incorporar cuestiones t\u00e9cnicas relacionadas con el futuro de la lucha antigranizo en el departamento&#8217;<\/strong><\/em>, coment\u00f3.<\/p>\n<p>Seg\u00fan indic\u00f3, ese punto no fue incluido en el proyecto aprobado, por lo que adelant\u00f3 que impulsar\u00e1 un <em><strong>pedido de informe al Ejecutivo Municipal y al Gobierno provincial<\/strong> <\/em>para conocer cu\u00e1les son las definiciones existentes.<\/p>\n<p>Respecto de la <strong><span style=\"color: #800080;\">lucha antigranizo<\/span><\/strong>, la edil manifest\u00f3 su<strong><span style=\"color: #800080;\"> respaldo a la continuidad<\/span><\/strong> del sistema y remarc\u00f3 que conoce de cerca el impacto que genera el granizo sobre los productores: <strong><em>&#8216;es necesario, los municipios de<\/em> General Alvear y San Rafael necesitan lograr un acuerdo para garantizar la implementaci\u00f3n del plan en el Sur mendocino&#8217;<\/strong>, asegur\u00f3.<\/p>\n<p>En ese sentido, <strong><span style=\"color: #800080;\">Escart\u00edn<\/span><\/strong> advirti\u00f3 que la puesta en funcionamiento de los aviones no es el \u00fanico aspecto a resolver:<strong><em> &#8216;se requiere garantizar combustible, pilotos, insumos, tecnolog\u00eda, hangar y mantenimiento<\/em>&#8216;,<\/strong> manifest\u00f3<strong>.<\/strong><\/p>\n<p>Por su parte, <span style=\"color: #800080;\"><strong>Marcos Techeira<\/strong><\/span>, integrante del grupo de productores autoconvocados, destac\u00f3 el crecimiento del espacio y las reuniones mantenidas en los \u00faltimos d\u00edas con autoridades municipales y representantes institucionales:<em><strong> &#8216;uno de los principales logros es haber conseguido que el sector vuelva a trabajar de manera conjunta, actualmente el colectivo re\u00fane a cientos de productores y contin\u00faa sumando adhesiones de otros sectores vinculados a la actividad productiva&#8217;<\/strong><\/em>, aclar\u00f3.<\/p>\n<p>Consultado sobre el anuncio del Gobierno provincial respecto de la cesi\u00f3n de los aviones destinados a la lucha antigranizo <strong><span style=\"color: #800080;\">Techeira<\/span> <\/strong>coment\u00f3 que de las aeronaves representa un avance: <strong><em>&#8216;todav\u00eda ser\u00e1 necesario resolver aspectos vinculados con pilotos, personal t\u00e9cnico y sostenimiento operativo del sistema&#8217;<\/em>, manifest\u00f3.<\/strong><\/p>\n<p>&nbsp;<\/p>\n","protected":false},"excerpt":{"rendered":"<p>El Concejo Deliberante aprob\u00f3 por unanimidad un proyecto que ser\u00e1 elevado al Gobierno de Mendoza con los reclamos de los productores. &#8230;<\/p>\n","protected":false},"author":7,"featured_media":163803,"comment_status":"open","ping_status":"open","sticky":false,"template":"","format":"standard","meta":{"footnotes":""},"categories":[1],"tags":[],"class_list":["post-164458","post","type-post","status-publish","format-standard","has-post-thumbnail","hentry","category-fmvinas"],"_links":{"self":[{"href":"https:\/\/vinasfm.com\/noticias\/wp-json\/wp\/v2\/posts\/164458","targetHints":{"allow":["GET"]}}],"collection":[{"href":"https:\/\/vinasfm.com\/noticias\/wp-json\/wp\/v2\/posts"}],"about":[{"href":"https:\/\/vinasfm.com\/noticias\/wp-json\/wp\/v2\/types\/post"}],"author":[{"embeddable":true,"href":"https:\/\/vinasfm.com\/noticias\/wp-json\/wp\/v2\/users\/7"}],"replies":[{"embeddable":true,"href":"https:\/\/vinasfm.com\/noticias\/wp-json\/wp\/v2\/comments?post=164458"}],"version-history":[{"count":2,"href":"https:\/\/vinasfm.com\/noticias\/wp-json\/wp\/v2\/posts\/164458\/revisions"}],"predecessor-version":[{"id":164461,"href":"https:\/\/vinasfm.com\/noticias\/wp-json\/wp\/v2\/posts\/164458\/revisions\/164461"}],"wp:featuredmedia":[{"embeddable":true,"href":"https:\/\/vinasfm.com\/noticias\/wp-json\/wp\/v2\/media\/163803"}],"wp:attachment":[{"href":"https:\/\/vinasfm.com\/noticias\/wp-json\/wp\/v2\/media?parent=164458"}],"wp:term":[{"taxonomy":"category","embeddable":true,"href":"https:\/\/vinasfm.com\/noticias\/wp-json\/wp\/v2\/categories?post=164458"},{"taxonomy":"post_tag","embeddable":true,"href":"https:\/\/vinasfm.com\/noticias\/wp-json\/wp\/v2\/tags?post=164458"}],"curies":[{"name":"wp","href":"https:\/\/api.w.org\/{rel}","templated":true}]}}