{"id":164453,"date":"2026-09-03T08:59:17","date_gmt":"2026-09-03T11:59:17","guid":{"rendered":"https:\/\/vinasfm.com\/noticias\/?p=164453"},"modified":"2026-09-03T08:59:17","modified_gmt":"2026-09-03T11:59:17","slug":"la-policia-recupero-una-moto-robada-y-aprehendio-al-presunto-autor-en-general-alvear","status":"publish","type":"post","link":"https:\/\/vinasfm.com\/noticias\/la-policia-recupero-una-moto-robada-y-aprehendio-al-presunto-autor-en-general-alvear\/","title":{"rendered":"LA POLIC\u00cdA RECUPER\u00d3 UNA MOTO ROBADA Y APREHENDI\u00d3 AL PRESUNTO AUTOR EN GENERAL ALVEAR"},"content":{"rendered":"<h4><strong>Personal de la Polic\u00eda de Investigaciones (PDI) de General Alvear recuper\u00f3 una motocicleta que hab\u00eda sido sustra\u00edda de una vivienda y aprehendi\u00f3 al presunto autor del hecho.<\/strong><\/h4>\n<p>La investigaci\u00f3n comenz\u00f3 luego de que la v\u00edctima denunciara, el 1 de septiembre, la sustracci\u00f3n de una motocicleta Zanella Patagonica 250 cc, de color negro, que se encontraba guardada en el garaje de su domicilio, ubicado en el barrio Los Ranqueles.<\/p>\n<p>A partir de distintas averiguaciones, los investigadores lograron individualizar al presunto autor y determinar el domicilio donde podr\u00eda encontrarse el rodado.<\/p>\n<p>Con la correspondiente autorizaci\u00f3n judicial, personal policial realiz\u00f3 una medida en un inmueble de calle Agust\u00edn \u00c1lvarez, donde logr\u00f3 recuperar la motocicleta denunciada como sustra\u00edda y aprehender al sospechoso.<\/p>\n<p>El hombre fue trasladado a Comisar\u00eda 14 y qued\u00f3 a disposici\u00f3n de la Justicia, conforme a las directivas del ayudante fiscal de turno.<\/p>\n<p>Interviene la Oficina Fiscal de Comisar\u00eda 14.<\/p>\n<p>&nbsp;<\/p>\n<p>&nbsp;<\/p>\n","protected":false},"excerpt":{"rendered":"<p>Personal de la Polic\u00eda de Investigaciones (PDI) de General Alvear recuper\u00f3 una motocicleta que hab\u00eda sido sustra\u00edda de una vivienda y &#8230;<\/p>\n","protected":false},"author":7,"featured_media":101629,"comment_status":"open","ping_status":"open","sticky":false,"template":"","format":"standard","meta":{"footnotes":""},"categories":[1],"tags":[],"class_list":["post-164453","post","type-post","status-publish","format-standard","has-post-thumbnail","hentry","category-fmvinas"],"_links":{"self":[{"href":"https:\/\/vinasfm.com\/noticias\/wp-json\/wp\/v2\/posts\/164453","targetHints":{"allow":["GET"]}}],"collection":[{"href":"https:\/\/vinasfm.com\/noticias\/wp-json\/wp\/v2\/posts"}],"about":[{"href":"https:\/\/vinasfm.com\/noticias\/wp-json\/wp\/v2\/types\/post"}],"author":[{"embeddable":true,"href":"https:\/\/vinasfm.com\/noticias\/wp-json\/wp\/v2\/users\/7"}],"replies":[{"embeddable":true,"href":"https:\/\/vinasfm.com\/noticias\/wp-json\/wp\/v2\/comments?post=164453"}],"version-history":[{"count":2,"href":"https:\/\/vinasfm.com\/noticias\/wp-json\/wp\/v2\/posts\/164453\/revisions"}],"predecessor-version":[{"id":164457,"href":"https:\/\/vinasfm.com\/noticias\/wp-json\/wp\/v2\/posts\/164453\/revisions\/164457"}],"wp:featuredmedia":[{"embeddable":true,"href":"https:\/\/vinasfm.com\/noticias\/wp-json\/wp\/v2\/media\/101629"}],"wp:attachment":[{"href":"https:\/\/vinasfm.com\/noticias\/wp-json\/wp\/v2\/media?parent=164453"}],"wp:term":[{"taxonomy":"category","embeddable":true,"href":"https:\/\/vinasfm.com\/noticias\/wp-json\/wp\/v2\/categories?post=164453"},{"taxonomy":"post_tag","embeddable":true,"href":"https:\/\/vinasfm.com\/noticias\/wp-json\/wp\/v2\/tags?post=164453"}],"curies":[{"name":"wp","href":"https:\/\/api.w.org\/{rel}","templated":true}]}}