{"id":164443,"date":"2026-09-03T08:48:32","date_gmt":"2026-09-03T11:48:32","guid":{"rendered":"https:\/\/vinasfm.com\/noticias\/?p=164443"},"modified":"2026-09-03T08:48:32","modified_gmt":"2026-09-03T11:48:32","slug":"alumnos-de-la-escuela-enore-de-monte-participan-de-un-proyecto-de-compostaje","status":"publish","type":"post","link":"https:\/\/vinasfm.com\/noticias\/alumnos-de-la-escuela-enore-de-monte-participan-de-un-proyecto-de-compostaje\/","title":{"rendered":"ALUMNOS DE LA ESCUELA ENORE DE MONTE PARTICIPAN DE UN PROYECTO DE COMPOSTAJE"},"content":{"rendered":"<h4><strong>El Municipio y la Escuela Enore de Monte desarrollan un proyecto de compostaje junto a estudiantes de 3\u00b0 a\u00f1o, con el objetivo de promover el aprovechamiento de residuos org\u00e1nicos a trav\u00e9s de actividades pr\u00e1cticas.<\/strong><\/h4>\n<p><a href=\"https:\/\/vinasfm.com\/noticias\/wp-content\/uploads\/2026\/09\/IMG-20260902-WA0078.jpg\"><img loading=\"lazy\" decoding=\"async\" class=\"size-large wp-image-164450 aligncenter\" src=\"https:\/\/vinasfm.com\/noticias\/wp-content\/uploads\/2026\/09\/IMG-20260902-WA0078-576x1024.jpg\" alt=\"\" width=\"576\" height=\"1024\" srcset=\"https:\/\/vinasfm.com\/noticias\/wp-content\/uploads\/2026\/09\/IMG-20260902-WA0078-576x1024.jpg 576w, https:\/\/vinasfm.com\/noticias\/wp-content\/uploads\/2026\/09\/IMG-20260902-WA0078-169x300.jpg 169w, https:\/\/vinasfm.com\/noticias\/wp-content\/uploads\/2026\/09\/IMG-20260902-WA0078-768x1366.jpg 768w, https:\/\/vinasfm.com\/noticias\/wp-content\/uploads\/2026\/09\/IMG-20260902-WA0078-864x1536.jpg 864w, https:\/\/vinasfm.com\/noticias\/wp-content\/uploads\/2026\/09\/IMG-20260902-WA0078.jpg 899w\" sizes=\"auto, (max-width: 576px) 100vw, 576px\" \/><\/a><\/p>\n<p>La iniciativa busca que los alumnos incorporen conocimientos sobre la elaboraci\u00f3n de compost y puedan aplicar estas t\u00e9cnicas para producir su propio abono. Adem\u00e1s del aprendizaje ambiental, la propuesta apunta a que, en el futuro, la producci\u00f3n pueda generar recursos destinados a actividades y proyectos escolares.<\/p>\n<p><a href=\"https:\/\/vinasfm.com\/noticias\/wp-content\/uploads\/2026\/09\/IMG-20260902-WA0075.jpg\"><img loading=\"lazy\" decoding=\"async\" class=\"size-large wp-image-164449 aligncenter\" src=\"https:\/\/vinasfm.com\/noticias\/wp-content\/uploads\/2026\/09\/IMG-20260902-WA0075-576x1024.jpg\" alt=\"\" width=\"576\" height=\"1024\" srcset=\"https:\/\/vinasfm.com\/noticias\/wp-content\/uploads\/2026\/09\/IMG-20260902-WA0075-576x1024.jpg 576w, https:\/\/vinasfm.com\/noticias\/wp-content\/uploads\/2026\/09\/IMG-20260902-WA0075-169x300.jpg 169w, https:\/\/vinasfm.com\/noticias\/wp-content\/uploads\/2026\/09\/IMG-20260902-WA0075-768x1366.jpg 768w, https:\/\/vinasfm.com\/noticias\/wp-content\/uploads\/2026\/09\/IMG-20260902-WA0075-864x1536.jpg 864w, https:\/\/vinasfm.com\/noticias\/wp-content\/uploads\/2026\/09\/IMG-20260902-WA0075.jpg 899w\" sizes=\"auto, (max-width: 576px) 100vw, 576px\" \/><\/a><\/p>\n<p>De esta manera, se fomenta el cuidado del ambiente, el trabajo en equipo y el desarrollo de herramientas que contribuyan a la formaci\u00f3n de los j\u00f3venes y a la creaci\u00f3n de nuevas oportunidades dentro de la comunidad educativa.<\/p>\n<p><a href=\"https:\/\/vinasfm.com\/noticias\/wp-content\/uploads\/2026\/09\/IMG-20260902-WA0082.jpg\"><img loading=\"lazy\" decoding=\"async\" class=\"size-large wp-image-164447 aligncenter\" src=\"https:\/\/vinasfm.com\/noticias\/wp-content\/uploads\/2026\/09\/IMG-20260902-WA0082-576x1024.jpg\" alt=\"\" width=\"576\" height=\"1024\" srcset=\"https:\/\/vinasfm.com\/noticias\/wp-content\/uploads\/2026\/09\/IMG-20260902-WA0082-576x1024.jpg 576w, https:\/\/vinasfm.com\/noticias\/wp-content\/uploads\/2026\/09\/IMG-20260902-WA0082-169x300.jpg 169w, https:\/\/vinasfm.com\/noticias\/wp-content\/uploads\/2026\/09\/IMG-20260902-WA0082-768x1366.jpg 768w, https:\/\/vinasfm.com\/noticias\/wp-content\/uploads\/2026\/09\/IMG-20260902-WA0082-864x1536.jpg 864w, https:\/\/vinasfm.com\/noticias\/wp-content\/uploads\/2026\/09\/IMG-20260902-WA0082.jpg 899w\" sizes=\"auto, (max-width: 576px) 100vw, 576px\" \/><\/a><\/p>\n","protected":false},"excerpt":{"rendered":"<p>El Municipio y la Escuela Enore de Monte desarrollan un proyecto de compostaje junto a estudiantes de 3\u00b0 a\u00f1o, con el &#8230;<\/p>\n","protected":false},"author":7,"featured_media":164451,"comment_status":"open","ping_status":"open","sticky":false,"template":"","format":"standard","meta":{"footnotes":""},"categories":[1],"tags":[],"class_list":["post-164443","post","type-post","status-publish","format-standard","has-post-thumbnail","hentry","category-fmvinas"],"_links":{"self":[{"href":"https:\/\/vinasfm.com\/noticias\/wp-json\/wp\/v2\/posts\/164443","targetHints":{"allow":["GET"]}}],"collection":[{"href":"https:\/\/vinasfm.com\/noticias\/wp-json\/wp\/v2\/posts"}],"about":[{"href":"https:\/\/vinasfm.com\/noticias\/wp-json\/wp\/v2\/types\/post"}],"author":[{"embeddable":true,"href":"https:\/\/vinasfm.com\/noticias\/wp-json\/wp\/v2\/users\/7"}],"replies":[{"embeddable":true,"href":"https:\/\/vinasfm.com\/noticias\/wp-json\/wp\/v2\/comments?post=164443"}],"version-history":[{"count":2,"href":"https:\/\/vinasfm.com\/noticias\/wp-json\/wp\/v2\/posts\/164443\/revisions"}],"predecessor-version":[{"id":164455,"href":"https:\/\/vinasfm.com\/noticias\/wp-json\/wp\/v2\/posts\/164443\/revisions\/164455"}],"wp:featuredmedia":[{"embeddable":true,"href":"https:\/\/vinasfm.com\/noticias\/wp-json\/wp\/v2\/media\/164451"}],"wp:attachment":[{"href":"https:\/\/vinasfm.com\/noticias\/wp-json\/wp\/v2\/media?parent=164443"}],"wp:term":[{"taxonomy":"category","embeddable":true,"href":"https:\/\/vinasfm.com\/noticias\/wp-json\/wp\/v2\/categories?post=164443"},{"taxonomy":"post_tag","embeddable":true,"href":"https:\/\/vinasfm.com\/noticias\/wp-json\/wp\/v2\/tags?post=164443"}],"curies":[{"name":"wp","href":"https:\/\/api.w.org\/{rel}","templated":true}]}}