{"id":164432,"date":"2026-09-02T11:49:23","date_gmt":"2026-09-02T14:49:23","guid":{"rendered":"https:\/\/vinasfm.com\/noticias\/?p=164432"},"modified":"2026-09-02T11:49:23","modified_gmt":"2026-09-02T14:49:23","slug":"se-vienen-las-pruebas-libres-de-categorias-tradicionales","status":"publish","type":"post","link":"https:\/\/vinasfm.com\/noticias\/se-vienen-las-pruebas-libres-de-categorias-tradicionales\/","title":{"rendered":"SE VIENEN LAS PRUEBAS LIBRES DE CATEGOR\u00cdAS TRADICIONALES"},"content":{"rendered":"<h4><strong>El director de Deportes, Alberto G\u00f3mez, invit\u00f3 a participar este s\u00e1bado de las pruebas libres de Tradicionales que se desarrollar\u00e1n en el circuito del Aut\u00f3dromo V\u00edctor Garc\u00eda. <\/strong><\/h4>\n<p>El predio abrir\u00e1 sus puertas a las 13:30 y la actividad comenzar\u00e1 a las 14:00, con entrada libre y gratuita para el p\u00fablico.<\/p>\n<p>La jornada surgi\u00f3 a partir del pedido de distintos pilotos que buscan entrenar de cara a las pr\u00f3ximas competencias, aprovechando las buenas condiciones en las que qued\u00f3 el circuito tras la \u00faltima fecha.<\/p>\n","protected":false},"excerpt":{"rendered":"<p>El director de Deportes, Alberto G\u00f3mez, invit\u00f3 a participar este s\u00e1bado de las pruebas libres de Tradicionales que se desarrollar\u00e1n en &#8230;<\/p>\n","protected":false},"author":7,"featured_media":164439,"comment_status":"open","ping_status":"open","sticky":false,"template":"","format":"standard","meta":{"footnotes":""},"categories":[1],"tags":[],"class_list":["post-164432","post","type-post","status-publish","format-standard","has-post-thumbnail","hentry","category-fmvinas"],"_links":{"self":[{"href":"https:\/\/vinasfm.com\/noticias\/wp-json\/wp\/v2\/posts\/164432","targetHints":{"allow":["GET"]}}],"collection":[{"href":"https:\/\/vinasfm.com\/noticias\/wp-json\/wp\/v2\/posts"}],"about":[{"href":"https:\/\/vinasfm.com\/noticias\/wp-json\/wp\/v2\/types\/post"}],"author":[{"embeddable":true,"href":"https:\/\/vinasfm.com\/noticias\/wp-json\/wp\/v2\/users\/7"}],"replies":[{"embeddable":true,"href":"https:\/\/vinasfm.com\/noticias\/wp-json\/wp\/v2\/comments?post=164432"}],"version-history":[{"count":2,"href":"https:\/\/vinasfm.com\/noticias\/wp-json\/wp\/v2\/posts\/164432\/revisions"}],"predecessor-version":[{"id":164441,"href":"https:\/\/vinasfm.com\/noticias\/wp-json\/wp\/v2\/posts\/164432\/revisions\/164441"}],"wp:featuredmedia":[{"embeddable":true,"href":"https:\/\/vinasfm.com\/noticias\/wp-json\/wp\/v2\/media\/164439"}],"wp:attachment":[{"href":"https:\/\/vinasfm.com\/noticias\/wp-json\/wp\/v2\/media?parent=164432"}],"wp:term":[{"taxonomy":"category","embeddable":true,"href":"https:\/\/vinasfm.com\/noticias\/wp-json\/wp\/v2\/categories?post=164432"},{"taxonomy":"post_tag","embeddable":true,"href":"https:\/\/vinasfm.com\/noticias\/wp-json\/wp\/v2\/tags?post=164432"}],"curies":[{"name":"wp","href":"https:\/\/api.w.org\/{rel}","templated":true}]}}