{"id":164430,"date":"2026-09-02T11:52:16","date_gmt":"2026-09-02T14:52:16","guid":{"rendered":"https:\/\/vinasfm.com\/noticias\/?p=164430"},"modified":"2026-09-02T11:52:16","modified_gmt":"2026-09-02T14:52:16","slug":"avanza-una-etapa-clave-en-la-remodelacion-de-avenida-alvear-oeste","status":"publish","type":"post","link":"https:\/\/vinasfm.com\/noticias\/avanza-una-etapa-clave-en-la-remodelacion-de-avenida-alvear-oeste\/","title":{"rendered":"AVANZA UNA ETAPA CLAVE EN LA REMODELACI\u00d3N DE AVENIDA ALVEAR OESTE"},"content":{"rendered":"<h4><strong>La remodelaci\u00f3n de Avenida Alvear Oeste contin\u00faa con una etapa fundamental para la renovaci\u00f3n de la principal arteria: el reemplazo de las redes de agua y cloacas. <\/strong><\/h4>\n<p>Los trabajos permitir\u00e1n modernizar la infraestructura existente y avanzar posteriormente con la intervenci\u00f3n de la calzada.<\/p>\n<p><a href=\"https:\/\/vinasfm.com\/noticias\/wp-content\/uploads\/2026\/09\/IMG-20260902-WA0050.jpg\"><img loading=\"lazy\" decoding=\"async\" class=\"alignnone size-large wp-image-164438\" src=\"https:\/\/vinasfm.com\/noticias\/wp-content\/uploads\/2026\/09\/IMG-20260902-WA0050-1024x682.jpg\" alt=\"\" width=\"1024\" height=\"682\" srcset=\"https:\/\/vinasfm.com\/noticias\/wp-content\/uploads\/2026\/09\/IMG-20260902-WA0050-1024x682.jpg 1024w, https:\/\/vinasfm.com\/noticias\/wp-content\/uploads\/2026\/09\/IMG-20260902-WA0050-300x200.jpg 300w, https:\/\/vinasfm.com\/noticias\/wp-content\/uploads\/2026\/09\/IMG-20260902-WA0050-768x512.jpg 768w, https:\/\/vinasfm.com\/noticias\/wp-content\/uploads\/2026\/09\/IMG-20260902-WA0050-1536x1023.jpg 1536w, https:\/\/vinasfm.com\/noticias\/wp-content\/uploads\/2026\/09\/IMG-20260902-WA0050.jpg 1600w\" sizes=\"auto, (max-width: 1024px) 100vw, 1024px\" \/><\/a><\/p>\n<p>Actualmente, las tareas se concentran en el cruce de Avenida Alvear Oeste e Ingeniero Lange, donde se realiza el recambio de la ca\u00f1er\u00eda cloacal. Luego, las cuadrillas avanzar\u00e1n con el tendido de agua y cloacas en ambos sectores de la avenida.<\/p>\n<p>El ingeniero de obra a cargo de los trabajos, <strong><span style=\"color: #800080;\">Juan Salgado<\/span><\/strong>, explic\u00f3 que el cronograma se mantiene dentro de lo previsto. <em><strong>\u201cLos tiempos van medianamente acomodados, estamos dentro del plan de trabajo propuesto\u201d<\/strong><\/em>, se\u00f1al\u00f3, al tiempo que destac\u00f3 que se busca acelerar las distintas etapas siempre que las condiciones de ejecuci\u00f3n lo permitan.<\/p>\n<p><a href=\"https:\/\/vinasfm.com\/noticias\/wp-content\/uploads\/2026\/09\/IMG-20260902-WA0048.jpg\"><img loading=\"lazy\" decoding=\"async\" class=\"alignnone size-large wp-image-164437\" src=\"https:\/\/vinasfm.com\/noticias\/wp-content\/uploads\/2026\/09\/IMG-20260902-WA0048-1024x682.jpg\" alt=\"\" width=\"1024\" height=\"682\" srcset=\"https:\/\/vinasfm.com\/noticias\/wp-content\/uploads\/2026\/09\/IMG-20260902-WA0048-1024x682.jpg 1024w, https:\/\/vinasfm.com\/noticias\/wp-content\/uploads\/2026\/09\/IMG-20260902-WA0048-300x200.jpg 300w, https:\/\/vinasfm.com\/noticias\/wp-content\/uploads\/2026\/09\/IMG-20260902-WA0048-768x512.jpg 768w, https:\/\/vinasfm.com\/noticias\/wp-content\/uploads\/2026\/09\/IMG-20260902-WA0048-1536x1023.jpg 1536w, https:\/\/vinasfm.com\/noticias\/wp-content\/uploads\/2026\/09\/IMG-20260902-WA0048.jpg 1600w\" sizes=\"auto, (max-width: 1024px) 100vw, 1024px\" \/><\/a><\/p>\n<p>La intervenci\u00f3n contempla tambi\u00e9n un cambio significativo en las caracter\u00edsticas de las redes. Se reemplazan ca\u00f1er\u00edas deterioradas por nuevos conductos, con diferentes di\u00e1metros y materiales, debido al estado que presentaban algunos sectores. Durante las excavaciones se encontraron tramos rotos, ca\u00eddos o que ya no cumpl\u00edan correctamente su funci\u00f3n.<\/p>\n<p>La metodolog\u00eda de trabajo apunta a completar primero la red principal y posteriormente realizar las conexiones domiciliarias.<em><strong> \u201cLa idea es terminar todo lo que es la red, dejarla en correcto funcionamiento y despu\u00e9s hacer las conexiones\u201d<\/strong><\/em>, explic\u00f3 <strong><span style=\"color: #800080;\">Salgado<\/span><\/strong>. Esta modalidad permite reducir el tiempo que cada frentista deber\u00e1 afrontar con intervenciones frente a su propiedad.<\/p>\n<p><a href=\"https:\/\/vinasfm.com\/noticias\/wp-content\/uploads\/2026\/09\/IMG-20260902-WA0047.jpg\"><img loading=\"lazy\" decoding=\"async\" class=\"alignnone size-large wp-image-164435\" src=\"https:\/\/vinasfm.com\/noticias\/wp-content\/uploads\/2026\/09\/IMG-20260902-WA0047-1024x682.jpg\" alt=\"\" width=\"1024\" height=\"682\" srcset=\"https:\/\/vinasfm.com\/noticias\/wp-content\/uploads\/2026\/09\/IMG-20260902-WA0047-1024x682.jpg 1024w, https:\/\/vinasfm.com\/noticias\/wp-content\/uploads\/2026\/09\/IMG-20260902-WA0047-300x200.jpg 300w, https:\/\/vinasfm.com\/noticias\/wp-content\/uploads\/2026\/09\/IMG-20260902-WA0047-768x512.jpg 768w, https:\/\/vinasfm.com\/noticias\/wp-content\/uploads\/2026\/09\/IMG-20260902-WA0047-1536x1023.jpg 1536w, https:\/\/vinasfm.com\/noticias\/wp-content\/uploads\/2026\/09\/IMG-20260902-WA0047.jpg 1600w\" sizes=\"auto, (max-width: 1024px) 100vw, 1024px\" \/><\/a><\/p>\n<p>Uno de los objetivos inmediatos es finalizar el tramo ubicado frente a la Municipalidad para habilitarlo nuevamente al tr\u00e1nsito. Para ello se increment\u00f3 el ritmo de trabajo y se incorporaron m\u00e1s trabajadores, mientras se prev\u00e9 sumar nuevas cuadrillas a medida que se habiliten otros frentes.<\/p>\n<p>El v\u00ednculo con comerciantes y vecinos tambi\u00e9n forma parte de la planificaci\u00f3n. Se realizaron reuniones para informar sobre las distintas etapas y atender las inquietudes que surgen durante la ejecuci\u00f3n. <em><strong>\u201cSiempre digo que hay que ser emp\u00e1tico y ponerse tanto en el lugar de la empresa como en el lugar del comerciante\u201d<\/strong><\/em>, sostuvo el ingeniero, quien remarc\u00f3 que se busca reducir los tiempos de cortes, mantener la limpieza y facilitar el desarrollo de las actividades comerciales.<\/p>\n<p><a href=\"https:\/\/vinasfm.com\/noticias\/wp-content\/uploads\/2026\/09\/IMG-20260902-WA0046.jpg\"><img loading=\"lazy\" decoding=\"async\" class=\"alignnone size-large wp-image-164434\" src=\"https:\/\/vinasfm.com\/noticias\/wp-content\/uploads\/2026\/09\/IMG-20260902-WA0046-1024x682.jpg\" alt=\"\" width=\"1024\" height=\"682\" srcset=\"https:\/\/vinasfm.com\/noticias\/wp-content\/uploads\/2026\/09\/IMG-20260902-WA0046-1024x682.jpg 1024w, https:\/\/vinasfm.com\/noticias\/wp-content\/uploads\/2026\/09\/IMG-20260902-WA0046-300x200.jpg 300w, https:\/\/vinasfm.com\/noticias\/wp-content\/uploads\/2026\/09\/IMG-20260902-WA0046-768x512.jpg 768w, https:\/\/vinasfm.com\/noticias\/wp-content\/uploads\/2026\/09\/IMG-20260902-WA0046-1536x1023.jpg 1536w, https:\/\/vinasfm.com\/noticias\/wp-content\/uploads\/2026\/09\/IMG-20260902-WA0046.jpg 1600w\" sizes=\"auto, (max-width: 1024px) 100vw, 1024px\" \/><\/a><\/p>\n<p>A su vez, las pruebas hidr\u00e1ulicas se realizan por tramos, tanto en las redes de agua como de cloacas. Esto permite verificar el funcionamiento de cada sector y avanzar con su terminaci\u00f3n sin necesidad de volver a intervenirlo posteriormente. <em><strong>\u201cSe est\u00e1n haciendo tramos parciales para poder ir dejando habilitado\u201d<\/strong><\/em>, detall\u00f3 Salgado.<\/p>\n<p>En cuanto a la continuidad de la obra, la planificaci\u00f3n contempla coordinar la finalizaci\u00f3n de los distintos sectores con las tareas de adoquinado, de manera que ambas intervenciones puedan desarrollarse de forma articulada.<\/p>\n<p>Para las cinco cuadras principales de la avenida, inicialmente se hab\u00eda previsto un plazo aproximado de una semana por tramo. Sin embargo, al trabajar simult\u00e1neamente sobre ambos lados para renovar las redes de agua y cloacas, actualmente se estima un per\u00edodo cercano a las dos semanas por sector, sujeto al avance de las tareas y a las condiciones que se presenten durante la ejecuci\u00f3n.<\/p>\n<p>De esta manera, la obra avanza primero sobre la infraestructura que no queda a la vista, pero que resulta determinante para la transformaci\u00f3n integral de Avenida Alvear Oeste.<\/p>\n","protected":false},"excerpt":{"rendered":"<p>La remodelaci\u00f3n de Avenida Alvear Oeste contin\u00faa con una etapa fundamental para la renovaci\u00f3n de la principal arteria: el reemplazo de &#8230;<\/p>\n","protected":false},"author":7,"featured_media":164436,"comment_status":"open","ping_status":"open","sticky":false,"template":"","format":"standard","meta":{"footnotes":""},"categories":[1],"tags":[],"class_list":["post-164430","post","type-post","status-publish","format-standard","has-post-thumbnail","hentry","category-fmvinas"],"_links":{"self":[{"href":"https:\/\/vinasfm.com\/noticias\/wp-json\/wp\/v2\/posts\/164430","targetHints":{"allow":["GET"]}}],"collection":[{"href":"https:\/\/vinasfm.com\/noticias\/wp-json\/wp\/v2\/posts"}],"about":[{"href":"https:\/\/vinasfm.com\/noticias\/wp-json\/wp\/v2\/types\/post"}],"author":[{"embeddable":true,"href":"https:\/\/vinasfm.com\/noticias\/wp-json\/wp\/v2\/users\/7"}],"replies":[{"embeddable":true,"href":"https:\/\/vinasfm.com\/noticias\/wp-json\/wp\/v2\/comments?post=164430"}],"version-history":[{"count":2,"href":"https:\/\/vinasfm.com\/noticias\/wp-json\/wp\/v2\/posts\/164430\/revisions"}],"predecessor-version":[{"id":164442,"href":"https:\/\/vinasfm.com\/noticias\/wp-json\/wp\/v2\/posts\/164430\/revisions\/164442"}],"wp:featuredmedia":[{"embeddable":true,"href":"https:\/\/vinasfm.com\/noticias\/wp-json\/wp\/v2\/media\/164436"}],"wp:attachment":[{"href":"https:\/\/vinasfm.com\/noticias\/wp-json\/wp\/v2\/media?parent=164430"}],"wp:term":[{"taxonomy":"category","embeddable":true,"href":"https:\/\/vinasfm.com\/noticias\/wp-json\/wp\/v2\/categories?post=164430"},{"taxonomy":"post_tag","embeddable":true,"href":"https:\/\/vinasfm.com\/noticias\/wp-json\/wp\/v2\/tags?post=164430"}],"curies":[{"name":"wp","href":"https:\/\/api.w.org\/{rel}","templated":true}]}}