{"id":164428,"date":"2026-09-02T11:47:03","date_gmt":"2026-09-02T14:47:03","guid":{"rendered":"https:\/\/vinasfm.com\/noticias\/?p=164428"},"modified":"2026-09-02T11:47:03","modified_gmt":"2026-09-02T14:47:03","slug":"comienza-una-nueva-etapa-en-la-liga-municipal-de-basquet","status":"publish","type":"post","link":"https:\/\/vinasfm.com\/noticias\/comienza-una-nueva-etapa-en-la-liga-municipal-de-basquet\/","title":{"rendered":"COMIENZA UNA NUEVA ETAPA EN LA LIGA MUNICIPAL DE B\u00c1SQUET"},"content":{"rendered":"<h4><strong>El subdirector de Deportes, N\u00e9stor S\u00e1nchez, anunci\u00f3 el inicio del segundo torneo de la Liga Municipal de B\u00e1squet, una competencia que re\u00fane a equipos de General Alvear y tambi\u00e9n de San Rafael, con partidos que se desarrollar\u00e1n en distintos puntos del departamento.<\/strong><\/h4>\n<p>La organizaci\u00f3n est\u00e1 a cargo de la Agrupaci\u00f3n de <strong><span style=\"color: #800080;\">Maxib\u00e1squet Femenino<\/span><\/strong>, que trabaja junto a la <strong><span style=\"color: #800080;\">Direcci\u00f3n de Deportes<\/span><\/strong> en la log\u00edstica y seguimiento de la competencia. Por su parte, Mariana Fern\u00e1ndez detall\u00f3 que participar\u00e1n las categor\u00edas <em><span style=\"color: #800080;\">U13, U15, U17, Primera y Maxi<\/span><\/em>, adem\u00e1s de encuentros para <strong><span style=\"color: #800080;\">Premini, Mini, Mosquitos, U9 y U11<\/span><\/strong>.<\/p>\n<p>La primera fecha comienza este mi\u00e9rcoles en el Polideportivo y continuar\u00e1 durante la semana en Ferro, Bowen y Pac\u00edfico. Adem\u00e1s, se incorpor\u00f3 un nuevo sistema de gesti\u00f3n que permitir\u00e1 consultar la programaci\u00f3n, estad\u00edsticas y tablas de posiciones a trav\u00e9s de un portal p\u00fablico.<\/p>\n","protected":false},"excerpt":{"rendered":"<p>El subdirector de Deportes, N\u00e9stor S\u00e1nchez, anunci\u00f3 el inicio del segundo torneo de la Liga Municipal de B\u00e1squet, una competencia que &#8230;<\/p>\n","protected":false},"author":7,"featured_media":113756,"comment_status":"open","ping_status":"open","sticky":false,"template":"","format":"standard","meta":{"footnotes":""},"categories":[1],"tags":[],"class_list":["post-164428","post","type-post","status-publish","format-standard","has-post-thumbnail","hentry","category-fmvinas"],"_links":{"self":[{"href":"https:\/\/vinasfm.com\/noticias\/wp-json\/wp\/v2\/posts\/164428","targetHints":{"allow":["GET"]}}],"collection":[{"href":"https:\/\/vinasfm.com\/noticias\/wp-json\/wp\/v2\/posts"}],"about":[{"href":"https:\/\/vinasfm.com\/noticias\/wp-json\/wp\/v2\/types\/post"}],"author":[{"embeddable":true,"href":"https:\/\/vinasfm.com\/noticias\/wp-json\/wp\/v2\/users\/7"}],"replies":[{"embeddable":true,"href":"https:\/\/vinasfm.com\/noticias\/wp-json\/wp\/v2\/comments?post=164428"}],"version-history":[{"count":2,"href":"https:\/\/vinasfm.com\/noticias\/wp-json\/wp\/v2\/posts\/164428\/revisions"}],"predecessor-version":[{"id":164440,"href":"https:\/\/vinasfm.com\/noticias\/wp-json\/wp\/v2\/posts\/164428\/revisions\/164440"}],"wp:featuredmedia":[{"embeddable":true,"href":"https:\/\/vinasfm.com\/noticias\/wp-json\/wp\/v2\/media\/113756"}],"wp:attachment":[{"href":"https:\/\/vinasfm.com\/noticias\/wp-json\/wp\/v2\/media?parent=164428"}],"wp:term":[{"taxonomy":"category","embeddable":true,"href":"https:\/\/vinasfm.com\/noticias\/wp-json\/wp\/v2\/categories?post=164428"},{"taxonomy":"post_tag","embeddable":true,"href":"https:\/\/vinasfm.com\/noticias\/wp-json\/wp\/v2\/tags?post=164428"}],"curies":[{"name":"wp","href":"https:\/\/api.w.org\/{rel}","templated":true}]}}