{"id":164419,"date":"2026-09-02T10:58:25","date_gmt":"2026-09-02T13:58:25","guid":{"rendered":"https:\/\/vinasfm.com\/noticias\/?p=164419"},"modified":"2026-09-02T10:58:25","modified_gmt":"2026-09-02T13:58:25","slug":"pronostico-trimestral-que-esperar-del-clima-en-general-alvear-esta-primavera","status":"publish","type":"post","link":"https:\/\/vinasfm.com\/noticias\/pronostico-trimestral-que-esperar-del-clima-en-general-alvear-esta-primavera\/","title":{"rendered":"PR\u00d3NOSTICO TRIMESTRAL: \u00bfQU\u00c9 ESPERAR DEL CLIMA EN GENERAL ALVEAR ESTA PRIMAVERA?"},"content":{"rendered":"<div class=\"xdj266r x14z9mp xat24cr x1lziwak x1vvkbs x126k92a\">\n<h4 dir=\"auto\"><strong>Pron\u00f3stico Clim\u00e1tico Trimestral (Servicio Meteorol\u00f3gico Nacional) para el per\u00edodo septiembre &#8211; octubre &#8211; noviembre de 2026, enfocado en la provincia de Mendoza y particularmente en General Alvear.<\/strong><\/h4>\n<p><a href=\"https:\/\/vinasfm.com\/noticias\/wp-content\/uploads\/2026\/09\/791014418_1820120165670950_2084051847801747823_n.jpg\"><img loading=\"lazy\" decoding=\"async\" class=\"alignnone size-large wp-image-164422\" src=\"https:\/\/vinasfm.com\/noticias\/wp-content\/uploads\/2026\/09\/791014418_1820120165670950_2084051847801747823_n-820x1024.jpg\" alt=\"\" width=\"820\" height=\"1024\" srcset=\"https:\/\/vinasfm.com\/noticias\/wp-content\/uploads\/2026\/09\/791014418_1820120165670950_2084051847801747823_n-820x1024.jpg 820w, https:\/\/vinasfm.com\/noticias\/wp-content\/uploads\/2026\/09\/791014418_1820120165670950_2084051847801747823_n-240x300.jpg 240w, https:\/\/vinasfm.com\/noticias\/wp-content\/uploads\/2026\/09\/791014418_1820120165670950_2084051847801747823_n-768x960.jpg 768w, https:\/\/vinasfm.com\/noticias\/wp-content\/uploads\/2026\/09\/791014418_1820120165670950_2084051847801747823_n-1229x1536.jpg 1229w, https:\/\/vinasfm.com\/noticias\/wp-content\/uploads\/2026\/09\/791014418_1820120165670950_2084051847801747823_n.jpg 1639w\" sizes=\"auto, (max-width: 820px) 100vw, 820px\" \/><\/a><\/p>\n<\/div>\n<div class=\"x14z9mp xat24cr x1lziwak x1vvkbs xtlvy1s x126k92a\">\n<div dir=\"auto\">1. Precipitaciones<\/div>\n<\/div>\n<div class=\"x14z9mp xat24cr x1lziwak x1vvkbs xtlvy1s x126k92a\">\n<div dir=\"auto\">Panorama Nacional:<\/div>\n<\/div>\n<div class=\"x14z9mp xat24cr x1lziwak x1vvkbs xtlvy1s x126k92a\">\n<div dir=\"auto\"><\/div>\n<div dir=\"auto\">El norte\/noreste del pa\u00eds presenta tendencias a precipitaciones Superiores a la normal (tonos verdes oscuros) o Normal o superior a la normal (verde claro).<\/div>\n<\/div>\n<div class=\"x14z9mp xat24cr x1lziwak x1vvkbs xtlvy1s x126k92a\">\n<div dir=\"auto\"><\/div>\n<div dir=\"auto\">El noroeste argentino muestra tendencia a precipitaciones Normal o inferior a la normal (tonos amarillos y naranjas).<\/div>\n<\/div>\n<div class=\"x14z9mp xat24cr x1lziwak x1vvkbs xtlvy1s x126k92a\">\n<div dir=\"auto\"><\/div>\n<div dir=\"auto\">La regi\u00f3n central y patag\u00f3nica se ubica en rangos Normales o ligeramente elevados seg\u00fan la zona.<\/div>\n<\/div>\n<div class=\"x14z9mp xat24cr x1lziwak x1vvkbs xtlvy1s x126k92a\">\n<div dir=\"auto\">Situaci\u00f3n en Mendoza y General Alvear:<\/div>\n<\/div>\n<div class=\"x14z9mp xat24cr x1lziwak x1vvkbs xtlvy1s x126k92a\">\n<div dir=\"auto\"><\/div>\n<div dir=\"auto\">La provincia de Mendoza en su totalidad se encuentra bajo la categor\u00eda verde: Normal o superior a la normal (con una probabilidad asignada principalmente en el rango del 40% al 50%).<\/div>\n<\/div>\n<div class=\"x14z9mp xat24cr x1lziwak x1vvkbs xtlvy1s x126k92a\">\n<div dir=\"auto\">General Alvear (Sur mendocino): Se ubica claramente dentro de la franja verde claro (Normal o superior a la normal). Esto implica que para esta primavera existe una probabilidad mayor de registrar acumulados de lluvia equivalentes o por encima de los promedios hist\u00f3ricos para esta \u00e9poca del a\u00f1o.<\/div>\n<\/div>\n<div class=\"x14z9mp xat24cr x1lziwak x1vvkbs xtlvy1s x126k92a\">\n<div dir=\"auto\"><\/div>\n<div dir=\"auto\">2. Temperaturas<\/div>\n<\/div>\n<div class=\"x14z9mp xat24cr x1lziwak x1vvkbs xtlvy1s x126k92a\">\n<div dir=\"auto\"><\/div>\n<div dir=\"auto\">Panorama Nacional:<\/div>\n<\/div>\n<div class=\"x14z9mp xat24cr x1lziwak x1vvkbs xtlvy1s x126k92a\">\n<div dir=\"auto\"><\/div>\n<div dir=\"auto\">El norte del pa\u00eds presenta probabilidades de temperaturas Normales o superiores a la normal (tonos rojizos y rosados).<\/div>\n<\/div>\n<div class=\"x14z9mp xat24cr x1lziwak x1vvkbs xtlvy1s x126k92a\">\n<div dir=\"auto\"><\/div>\n<div dir=\"auto\">El centro del pa\u00eds (incluyendo partes de Buenos Aires, C\u00f3rdoba, La Pampa y cuyo) est\u00e1 bajo una franja azul intensa de temperaturas Inferiores a la normal.<\/div>\n<\/div>\n<div class=\"x14z9mp xat24cr x1lziwak x1vvkbs xtlvy1s x126k92a\">\n<div dir=\"auto\">La Patagonia presenta una mezcla de condiciones Normales o inferiores a la normal y Normales hacia el sur.<\/div>\n<\/div>\n<div class=\"x14z9mp xat24cr x1lziwak x1vvkbs xtlvy1s x126k92a\">\n<div dir=\"auto\"><\/div>\n<div dir=\"auto\">Situaci\u00f3n en Mendoza y General Alvear:<\/div>\n<\/div>\n<div class=\"x14z9mp xat24cr x1lziwak x1vvkbs xtlvy1s x126k92a\">\n<div dir=\"auto\"><\/div>\n<div dir=\"auto\">La provincia de Mendoza queda comprendida principalmente en la zona marcada con azul: Inferior a la normal (y en el norte\/cordillera pasa a Normal o inferior a la normal).<\/div>\n<\/div>\n<div class=\"x14z9mp xat24cr x1lziwak x1vvkbs xtlvy1s x126k92a\">\n<div dir=\"auto\"><\/div>\n<div dir=\"auto\">General Alvear (Sur mendocino): Al ubicarse en el centro-sur de la provincia, entra de lleno en la categor\u00eda Inferior a la normal (con una probabilidad de probabilidad asociada entre el 40% y 50% en tonos azul claro). Esto sugiere que el trimestre de primavera podr\u00eda registrar medias de temperatura algo m\u00e1s frescas de lo habitual para el per\u00edodo.<\/div>\n<\/div>\n<div class=\"x14z9mp xat24cr x1lziwak x1vvkbs xtlvy1s x126k92a\">\n<div dir=\"auto\"><\/div>\n<div dir=\"auto\">Resumen y Conclusi\u00f3n para General Alvear<\/div>\n<\/div>\n<div class=\"x14z9mp xat24cr x1lziwak x1vvkbs xtlvy1s x126k92a\">\n<div dir=\"auto\">Para el trimestre septiembre &#8211; octubre &#8211; noviembre 2026 en General Alvear:<\/div>\n<\/div>\n<div class=\"x14z9mp xat24cr x1lziwak x1vvkbs xtlvy1s x126k92a\">\n<div dir=\"auto\"><\/div>\n<div dir=\"auto\">Lluvias: Probabilidad de estar por encima del promedio o dentro de lo normal.<\/div>\n<\/div>\n<div class=\"x14z9mp xat24cr x1lziwak x1vvkbs xtlvy1s x126k92a\">\n<div dir=\"auto\"><\/div>\n<div dir=\"auto\">Temperaturas: Probabilidad de registrar temperaturas inferiores a los valores promedio hist\u00f3ricos.<\/div>\n<\/div>\n<div class=\"x14z9mp xat24cr x1lziwak x1vvkbs xtlvy1s x126k92a\">\n<div dir=\"auto\"><\/div>\n<div dir=\"auto\">Implicancias locales:<\/div>\n<\/div>\n<div class=\"x14z9mp xat24cr x1lziwak x1vvkbs xtlvy1s x126k92a\">\n<div dir=\"auto\"><\/div>\n<div dir=\"auto\">Una combinaci\u00f3n de ambiente m\u00e1s fresco de lo habitual junto con precipitaci\u00f3n normal a superior puede traducirse en una primavera menos calurosa, pero con mayor frecuencia de eventos inestables o d\u00edas h\u00famedos.<\/div>\n<\/div>\n<div class=\"x14z9mp xat24cr x1lziwak x1vvkbs xtlvy1s x126k92a\">\n<div dir=\"auto\"><\/div>\n<div dir=\"auto\">Nota productiva\/agr\u00edcola: Para nuestra regi\u00f3n, una tendencia a temperaturas inferiores a lo normal en el inicio de la primavera requiere prestar atenci\u00f3n al riesgo de heladas tard\u00edas o un arranque de estaci\u00f3n de desarrollo vegetativo m\u00e1s paulatino.<\/div>\n<div dir=\"auto\"><a href=\"https:\/\/vinasfm.com\/noticias\/wp-content\/uploads\/2026\/09\/791438105_1490775579760166_3032774570883949982_n.jpg\"><img loading=\"lazy\" decoding=\"async\" class=\"alignnone size-large wp-image-164423\" src=\"https:\/\/vinasfm.com\/noticias\/wp-content\/uploads\/2026\/09\/791438105_1490775579760166_3032774570883949982_n-820x1024.jpg\" alt=\"\" width=\"820\" height=\"1024\" srcset=\"https:\/\/vinasfm.com\/noticias\/wp-content\/uploads\/2026\/09\/791438105_1490775579760166_3032774570883949982_n-820x1024.jpg 820w, https:\/\/vinasfm.com\/noticias\/wp-content\/uploads\/2026\/09\/791438105_1490775579760166_3032774570883949982_n-240x300.jpg 240w, https:\/\/vinasfm.com\/noticias\/wp-content\/uploads\/2026\/09\/791438105_1490775579760166_3032774570883949982_n-768x960.jpg 768w, https:\/\/vinasfm.com\/noticias\/wp-content\/uploads\/2026\/09\/791438105_1490775579760166_3032774570883949982_n-1229x1536.jpg 1229w, https:\/\/vinasfm.com\/noticias\/wp-content\/uploads\/2026\/09\/791438105_1490775579760166_3032774570883949982_n.jpg 1639w\" sizes=\"auto, (max-width: 820px) 100vw, 820px\" \/><\/a><\/div>\n<\/div>\n<div dir=\"auto\"><\/div>\n<div dir=\"auto\">Fuente: Sergio Sendra<\/div>\n","protected":false},"excerpt":{"rendered":"<p>Pron\u00f3stico Clim\u00e1tico Trimestral (Servicio Meteorol\u00f3gico Nacional) para el per\u00edodo septiembre &#8211; octubre &#8211; noviembre de 2026, enfocado en la provincia de &#8230;<\/p>\n","protected":false},"author":7,"featured_media":164422,"comment_status":"open","ping_status":"open","sticky":false,"template":"","format":"standard","meta":{"footnotes":""},"categories":[1],"tags":[],"class_list":["post-164419","post","type-post","status-publish","format-standard","has-post-thumbnail","hentry","category-fmvinas"],"_links":{"self":[{"href":"https:\/\/vinasfm.com\/noticias\/wp-json\/wp\/v2\/posts\/164419","targetHints":{"allow":["GET"]}}],"collection":[{"href":"https:\/\/vinasfm.com\/noticias\/wp-json\/wp\/v2\/posts"}],"about":[{"href":"https:\/\/vinasfm.com\/noticias\/wp-json\/wp\/v2\/types\/post"}],"author":[{"embeddable":true,"href":"https:\/\/vinasfm.com\/noticias\/wp-json\/wp\/v2\/users\/7"}],"replies":[{"embeddable":true,"href":"https:\/\/vinasfm.com\/noticias\/wp-json\/wp\/v2\/comments?post=164419"}],"version-history":[{"count":3,"href":"https:\/\/vinasfm.com\/noticias\/wp-json\/wp\/v2\/posts\/164419\/revisions"}],"predecessor-version":[{"id":164424,"href":"https:\/\/vinasfm.com\/noticias\/wp-json\/wp\/v2\/posts\/164419\/revisions\/164424"}],"wp:featuredmedia":[{"embeddable":true,"href":"https:\/\/vinasfm.com\/noticias\/wp-json\/wp\/v2\/media\/164422"}],"wp:attachment":[{"href":"https:\/\/vinasfm.com\/noticias\/wp-json\/wp\/v2\/media?parent=164419"}],"wp:term":[{"taxonomy":"category","embeddable":true,"href":"https:\/\/vinasfm.com\/noticias\/wp-json\/wp\/v2\/categories?post=164419"},{"taxonomy":"post_tag","embeddable":true,"href":"https:\/\/vinasfm.com\/noticias\/wp-json\/wp\/v2\/tags?post=164419"}],"curies":[{"name":"wp","href":"https:\/\/api.w.org\/{rel}","templated":true}]}}