{"id":164392,"date":"2026-09-02T10:22:58","date_gmt":"2026-09-02T13:22:58","guid":{"rendered":"https:\/\/vinasfm.com\/noticias\/?p=164392"},"modified":"2026-09-02T10:22:58","modified_gmt":"2026-09-02T13:22:58","slug":"bowen-puso-en-marcha-la-36o-edicion-del-torneo-de-la-juventud","status":"publish","type":"post","link":"https:\/\/vinasfm.com\/noticias\/bowen-puso-en-marcha-la-36o-edicion-del-torneo-de-la-juventud\/","title":{"rendered":"BOWEN PUSO EN MARCHA LA 36\u00ba EDICI\u00d3N DEL TORNEO DE LA JUVENTUD"},"content":{"rendered":"<h4><strong>Con el acto inaugural realizado este martes, comenz\u00f3 la 36\u00b0 edici\u00f3n del Torneo de la Juventud que organiza la Escuela N\u00b0 4-009 Jos\u00e9 Hern\u00e1ndez de Bowen, una propuesta deportiva que re\u00fane a estudiantes y promueve la participaci\u00f3n, la vida saludable y el encuentro entre j\u00f3venes.<\/strong><\/h4>\n<p><a href=\"https:\/\/vinasfm.com\/noticias\/wp-content\/uploads\/2026\/09\/IMG-20260902-WA0015.jpg\"><img loading=\"lazy\" decoding=\"async\" class=\"alignnone size-large wp-image-164398\" src=\"https:\/\/vinasfm.com\/noticias\/wp-content\/uploads\/2026\/09\/IMG-20260902-WA0015-1024x682.jpg\" alt=\"\" width=\"1024\" height=\"682\" srcset=\"https:\/\/vinasfm.com\/noticias\/wp-content\/uploads\/2026\/09\/IMG-20260902-WA0015-1024x682.jpg 1024w, https:\/\/vinasfm.com\/noticias\/wp-content\/uploads\/2026\/09\/IMG-20260902-WA0015-300x200.jpg 300w, https:\/\/vinasfm.com\/noticias\/wp-content\/uploads\/2026\/09\/IMG-20260902-WA0015-768x512.jpg 768w, https:\/\/vinasfm.com\/noticias\/wp-content\/uploads\/2026\/09\/IMG-20260902-WA0015-1536x1023.jpg 1536w, https:\/\/vinasfm.com\/noticias\/wp-content\/uploads\/2026\/09\/IMG-20260902-WA0015.jpg 1600w\" sizes=\"auto, (max-width: 1024px) 100vw, 1024px\" \/><\/a><\/p>\n<p>El delegado distrital <strong><span style=\"color: #ff6600;\">Luis Gergeluk<\/span><\/strong> destac\u00f3 la continuidad de este tradicional certamen y felicit\u00f3 a la comunidad educativa por el trabajo realizado. Adem\u00e1s, remarc\u00f3 la importancia del deporte como herramienta de contenci\u00f3n y formaci\u00f3n para los j\u00f3venes, y se\u00f1al\u00f3 que esta actividad marca el inicio de una serie de eventos previstos durante septiembre en el marco de los 114 a\u00f1os de Bowen.<\/p>\n<p><a href=\"https:\/\/vinasfm.com\/noticias\/wp-content\/uploads\/2026\/09\/IMG-20260902-WA0014.jpg\"><img loading=\"lazy\" decoding=\"async\" class=\"alignnone size-large wp-image-164397\" src=\"https:\/\/vinasfm.com\/noticias\/wp-content\/uploads\/2026\/09\/IMG-20260902-WA0014-1024x682.jpg\" alt=\"\" width=\"1024\" height=\"682\" srcset=\"https:\/\/vinasfm.com\/noticias\/wp-content\/uploads\/2026\/09\/IMG-20260902-WA0014-1024x682.jpg 1024w, https:\/\/vinasfm.com\/noticias\/wp-content\/uploads\/2026\/09\/IMG-20260902-WA0014-300x200.jpg 300w, https:\/\/vinasfm.com\/noticias\/wp-content\/uploads\/2026\/09\/IMG-20260902-WA0014-768x512.jpg 768w, https:\/\/vinasfm.com\/noticias\/wp-content\/uploads\/2026\/09\/IMG-20260902-WA0014-1536x1023.jpg 1536w, https:\/\/vinasfm.com\/noticias\/wp-content\/uploads\/2026\/09\/IMG-20260902-WA0014.jpg 1600w\" sizes=\"auto, (max-width: 1024px) 100vw, 1024px\" \/><\/a><\/p>\n<p>Por su parte, el director de la instituci\u00f3n,<strong><span style=\"color: #ff6600;\"> Rodolfo Torti<\/span><\/strong>, valor\u00f3 el compromiso de docentes, no docentes, alumnos y colaboradores que permiten sostener el torneo desde hace m\u00e1s de tres d\u00e9cadas. En esta edici\u00f3n, adem\u00e1s del f\u00fatbol, volvieron a incorporarse disciplinas como b\u00e1squet y v\u00f3ley, ampliando las oportunidades de participaci\u00f3n para los estudiantes.<\/p>\n<p><a href=\"https:\/\/vinasfm.com\/noticias\/wp-content\/uploads\/2026\/09\/IMG-20260902-WA0018.jpg\"><img loading=\"lazy\" decoding=\"async\" class=\"alignnone size-large wp-image-164396\" src=\"https:\/\/vinasfm.com\/noticias\/wp-content\/uploads\/2026\/09\/IMG-20260902-WA0018-1024x682.jpg\" alt=\"\" width=\"1024\" height=\"682\" srcset=\"https:\/\/vinasfm.com\/noticias\/wp-content\/uploads\/2026\/09\/IMG-20260902-WA0018-1024x682.jpg 1024w, https:\/\/vinasfm.com\/noticias\/wp-content\/uploads\/2026\/09\/IMG-20260902-WA0018-300x200.jpg 300w, https:\/\/vinasfm.com\/noticias\/wp-content\/uploads\/2026\/09\/IMG-20260902-WA0018-768x512.jpg 768w, https:\/\/vinasfm.com\/noticias\/wp-content\/uploads\/2026\/09\/IMG-20260902-WA0018-1536x1023.jpg 1536w, https:\/\/vinasfm.com\/noticias\/wp-content\/uploads\/2026\/09\/IMG-20260902-WA0018.jpg 1600w\" sizes=\"auto, (max-width: 1024px) 100vw, 1024px\" \/><\/a><\/p>\n<p>Las actividades se desarrollar\u00e1n durante tres jornadas e incluyen una carrera atl\u00e9tica y competencias deportivas en distintos espacios del distrito.<\/p>\n<p><a href=\"https:\/\/vinasfm.com\/noticias\/wp-content\/uploads\/2026\/09\/IMG-20260902-WA0019.jpg\"><img loading=\"lazy\" decoding=\"async\" class=\"alignnone size-large wp-image-164395\" src=\"https:\/\/vinasfm.com\/noticias\/wp-content\/uploads\/2026\/09\/IMG-20260902-WA0019-1024x682.jpg\" alt=\"\" width=\"1024\" height=\"682\" srcset=\"https:\/\/vinasfm.com\/noticias\/wp-content\/uploads\/2026\/09\/IMG-20260902-WA0019-1024x682.jpg 1024w, https:\/\/vinasfm.com\/noticias\/wp-content\/uploads\/2026\/09\/IMG-20260902-WA0019-300x200.jpg 300w, https:\/\/vinasfm.com\/noticias\/wp-content\/uploads\/2026\/09\/IMG-20260902-WA0019-768x512.jpg 768w, https:\/\/vinasfm.com\/noticias\/wp-content\/uploads\/2026\/09\/IMG-20260902-WA0019-1536x1023.jpg 1536w, https:\/\/vinasfm.com\/noticias\/wp-content\/uploads\/2026\/09\/IMG-20260902-WA0019.jpg 1600w\" sizes=\"auto, (max-width: 1024px) 100vw, 1024px\" \/><\/a><\/p>\n","protected":false},"excerpt":{"rendered":"<p>Con el acto inaugural realizado este martes, comenz\u00f3 la 36\u00b0 edici\u00f3n del Torneo de la Juventud que organiza la Escuela N\u00b0 &#8230;<\/p>\n","protected":false},"author":7,"featured_media":164393,"comment_status":"open","ping_status":"open","sticky":false,"template":"","format":"standard","meta":{"footnotes":""},"categories":[1],"tags":[],"class_list":["post-164392","post","type-post","status-publish","format-standard","has-post-thumbnail","hentry","category-fmvinas"],"_links":{"self":[{"href":"https:\/\/vinasfm.com\/noticias\/wp-json\/wp\/v2\/posts\/164392","targetHints":{"allow":["GET"]}}],"collection":[{"href":"https:\/\/vinasfm.com\/noticias\/wp-json\/wp\/v2\/posts"}],"about":[{"href":"https:\/\/vinasfm.com\/noticias\/wp-json\/wp\/v2\/types\/post"}],"author":[{"embeddable":true,"href":"https:\/\/vinasfm.com\/noticias\/wp-json\/wp\/v2\/users\/7"}],"replies":[{"embeddable":true,"href":"https:\/\/vinasfm.com\/noticias\/wp-json\/wp\/v2\/comments?post=164392"}],"version-history":[{"count":2,"href":"https:\/\/vinasfm.com\/noticias\/wp-json\/wp\/v2\/posts\/164392\/revisions"}],"predecessor-version":[{"id":164414,"href":"https:\/\/vinasfm.com\/noticias\/wp-json\/wp\/v2\/posts\/164392\/revisions\/164414"}],"wp:featuredmedia":[{"embeddable":true,"href":"https:\/\/vinasfm.com\/noticias\/wp-json\/wp\/v2\/media\/164393"}],"wp:attachment":[{"href":"https:\/\/vinasfm.com\/noticias\/wp-json\/wp\/v2\/media?parent=164392"}],"wp:term":[{"taxonomy":"category","embeddable":true,"href":"https:\/\/vinasfm.com\/noticias\/wp-json\/wp\/v2\/categories?post=164392"},{"taxonomy":"post_tag","embeddable":true,"href":"https:\/\/vinasfm.com\/noticias\/wp-json\/wp\/v2\/tags?post=164392"}],"curies":[{"name":"wp","href":"https:\/\/api.w.org\/{rel}","templated":true}]}}