{"id":164378,"date":"2026-09-02T09:50:54","date_gmt":"2026-09-02T12:50:54","guid":{"rendered":"https:\/\/vinasfm.com\/noticias\/?p=164378"},"modified":"2026-09-02T09:50:54","modified_gmt":"2026-09-02T12:50:54","slug":"molero-reunio-a-productores-y-avanzo-en-una-propuesta-para-sostener-la-lucha-antigranizo","status":"publish","type":"post","link":"https:\/\/vinasfm.com\/noticias\/molero-reunio-a-productores-y-avanzo-en-una-propuesta-para-sostener-la-lucha-antigranizo\/","title":{"rendered":"MOLERO REUNI\u00d3 A PRODUCTORES Y AVANZ\u00d3 EN UNA PROPUESTA PARA SOSTENER LA LUCHA ANTIGRANIZO"},"content":{"rendered":"<h4><strong>El intendente de General Alvear, Alejandro Molero, reuni\u00f3 este martes por la ma\u00f1ana a una veintena de productores en la sala de reuniones de la Intendencia para abordar distintos temas vinculados con la actividad agr\u00edcola y, principalmente, analizar alternativas para sostener la lucha antigranizo en el Oasis Sur.<\/strong><\/h4>\n<p><a href=\"https:\/\/vinasfm.com\/noticias\/wp-content\/uploads\/2026\/09\/IMG-20260901-WA0060.jpg\"><img loading=\"lazy\" decoding=\"async\" class=\"alignnone size-large wp-image-164381\" src=\"https:\/\/vinasfm.com\/noticias\/wp-content\/uploads\/2026\/09\/IMG-20260901-WA0060-1024x682.jpg\" alt=\"\" width=\"1024\" height=\"682\" srcset=\"https:\/\/vinasfm.com\/noticias\/wp-content\/uploads\/2026\/09\/IMG-20260901-WA0060-1024x682.jpg 1024w, https:\/\/vinasfm.com\/noticias\/wp-content\/uploads\/2026\/09\/IMG-20260901-WA0060-300x200.jpg 300w, https:\/\/vinasfm.com\/noticias\/wp-content\/uploads\/2026\/09\/IMG-20260901-WA0060-768x512.jpg 768w, https:\/\/vinasfm.com\/noticias\/wp-content\/uploads\/2026\/09\/IMG-20260901-WA0060-1536x1023.jpg 1536w, https:\/\/vinasfm.com\/noticias\/wp-content\/uploads\/2026\/09\/IMG-20260901-WA0060.jpg 1600w\" sizes=\"auto, (max-width: 1024px) 100vw, 1024px\" \/><\/a><\/p>\n<p>La convocatoria se realiz\u00f3 en el marco de las gestiones que el <strong><span style=\"color: #333399;\">jefe comunal<\/span><\/strong> viene impulsando para encontrar una opci\u00f3n que permita recuperar el sistema de mitigaci\u00f3n y garantizar su continuidad.<\/p>\n<p>Durante el encuentro, Molero mantuvo adem\u00e1s una comunicaci\u00f3n telef\u00f3nica con el gobernador Alfredo Cornejo y los ministros de Gobierno, Infraestructura y Desarrollo Territorial, Natalio Mema, y de Producci\u00f3n, Rodolfo Vargas Arizu, quienes formalizaron al municipio la propuesta de que General Alvear y San Rafael puedan adquirir una aeronave cada uno.<\/p>\n<p><a href=\"https:\/\/vinasfm.com\/noticias\/wp-content\/uploads\/2026\/09\/IMG-20260901-WA0059.jpg\"><img loading=\"lazy\" decoding=\"async\" class=\"alignnone size-large wp-image-164385\" src=\"https:\/\/vinasfm.com\/noticias\/wp-content\/uploads\/2026\/09\/IMG-20260901-WA0059-1024x682.jpg\" alt=\"\" width=\"1024\" height=\"682\" srcset=\"https:\/\/vinasfm.com\/noticias\/wp-content\/uploads\/2026\/09\/IMG-20260901-WA0059-1024x682.jpg 1024w, https:\/\/vinasfm.com\/noticias\/wp-content\/uploads\/2026\/09\/IMG-20260901-WA0059-300x200.jpg 300w, https:\/\/vinasfm.com\/noticias\/wp-content\/uploads\/2026\/09\/IMG-20260901-WA0059-768x512.jpg 768w, https:\/\/vinasfm.com\/noticias\/wp-content\/uploads\/2026\/09\/IMG-20260901-WA0059-1536x1023.jpg 1536w, https:\/\/vinasfm.com\/noticias\/wp-content\/uploads\/2026\/09\/IMG-20260901-WA0059.jpg 1600w\" sizes=\"auto, (max-width: 1024px) 100vw, 1024px\" \/><\/a><\/p>\n<p>De acuerdo con lo explicado por el intendente, la Provincia aportar\u00eda el sistema de radares y los polvorines habilitados, adem\u00e1s de facilitar la adquisici\u00f3n de la pirotecnia. La alternativa contempla un esquema de financiamiento, los detalles ser\u00e1n enviados formalmente en las pr\u00f3ximas horas.<\/p>\n<p><em><strong>\u201cNecesit\u00e1bamos darnos un \u00e1mbito de di\u00e1logo, no solamente para acercar algunas ideas y propuestas, sino especialmente para abordar temas fundamentales que hoy est\u00e1n siendo discutidos en distintos \u00e1mbitos y que, como intendente, ten\u00eda la necesidad de convocarlos para hablar de estos temas<\/strong><\/em>\u201d, se\u00f1al\u00f3 Molero.<\/p>\n<p><a href=\"https:\/\/vinasfm.com\/noticias\/wp-content\/uploads\/2026\/09\/IMG-20260901-WA0064.jpg\"><img loading=\"lazy\" decoding=\"async\" class=\"alignnone size-large wp-image-164384\" src=\"https:\/\/vinasfm.com\/noticias\/wp-content\/uploads\/2026\/09\/IMG-20260901-WA0064-1024x682.jpg\" alt=\"\" width=\"1024\" height=\"682\" srcset=\"https:\/\/vinasfm.com\/noticias\/wp-content\/uploads\/2026\/09\/IMG-20260901-WA0064-1024x682.jpg 1024w, https:\/\/vinasfm.com\/noticias\/wp-content\/uploads\/2026\/09\/IMG-20260901-WA0064-300x200.jpg 300w, https:\/\/vinasfm.com\/noticias\/wp-content\/uploads\/2026\/09\/IMG-20260901-WA0064-768x512.jpg 768w, https:\/\/vinasfm.com\/noticias\/wp-content\/uploads\/2026\/09\/IMG-20260901-WA0064-1536x1023.jpg 1536w, https:\/\/vinasfm.com\/noticias\/wp-content\/uploads\/2026\/09\/IMG-20260901-WA0064.jpg 1600w\" sizes=\"auto, (max-width: 1024px) 100vw, 1024px\" \/><\/a><\/p>\n<p>El jefe comunal remarc\u00f3 que la adquisici\u00f3n de una aeronave permitir\u00eda atender la pr\u00f3xima temporada, pero tambi\u00e9n constituir\u00eda una herramienta para proyectar la continuidad del sistema en el sur provincial.<\/p>\n<p><em><strong>\u201cCreemos conveniente la adquisici\u00f3n de las aeronaves por los departamentos del sur. A partir de ah\u00ed no est\u00e1 resuelto la totalidad del problema, porque tenemos que trabajar con los productores y con las distintas organizaciones de nuestro departamento en el financiamiento que necesita la campa\u00f1a de lucha antigranizo\u201d<\/strong><\/em>, explic\u00f3.<\/p>\n<p>En ese sentido, Molero plante\u00f3 que la compra de los aviones representa solamente una parte de los recursos necesarios para poner nuevamente en funcionamiento el operativo.<\/p>\n<p><em><strong>\u201cCon la adquisici\u00f3n de los aviones, los radares y el polvor\u00edn no termina la historia. Despu\u00e9s hay que ponerle combustible, pagar los pilotos y comprar pirotecnia. Creo que los municipios lo podemos hacer y que es fundamental que avancemos en este sentido\u201d<\/strong><\/em>, afirm\u00f3.<\/p>\n<p><strong><span style=\"color: #333399;\">El acompa\u00f1amiento de San Rafael<\/span><\/strong><\/p>\n<p>Para que la propuesta pueda avanzar, el intendente consider\u00f3 fundamental el acompa\u00f1amiento de San Rafael, debido a que en ese departamento se encuentra el aeroclub desde donde opera el sistema y una parte importante de la infraestructura necesaria para su funcionamiento.<\/p>\n<p>\u201cEn este caso, una pata fundamental y excluyente para que esto se logre es nuestro vecino departamento de San Rafael\u201d, sostuvo Molero, quien se\u00f1al\u00f3 que ya hubo conversaciones con representantes de ese municipio para acercar la iniciativa.<\/p>\n<p>\u201cManifestado esto por parte de nosotros, el s\u00ed de General Alvear est\u00e1. Hay que esperar la respuesta y el acompa\u00f1amiento por parte del municipio de San Rafael\u201d, agreg\u00f3.<\/p>\n<p>El intendente indic\u00f3 adem\u00e1s que mantuvo di\u00e1logo con el diputado Germ\u00e1n G\u00f3mez, a quien transmiti\u00f3 la propuesta para que sea analizada junto al municipio sanrafaelino.<\/p>\n<p>&nbsp;<\/p>\n<p>*El seguro agr\u00edcola tambi\u00e9n estuvo en la agenda*<\/p>\n<p>&nbsp;<\/p>\n<p>Durante la reuni\u00f3n tambi\u00e9n se abordaron aspectos relacionados con el Fondo Compensador Agr\u00edcola. Molero explic\u00f3 a los productores las condiciones de adhesi\u00f3n y plante\u00f3 la necesidad de fortalecer los controles para evitar que propiedades que llevan a\u00f1os improductivas puedan afectar el funcionamiento de la herramienta.<\/p>\n<p>\u201cHemos podido llevarles a los productores la tranquilidad de que todos vamos a estar comprendidos en el seguro agr\u00edcola y que vamos a hacer en conjunto un control sobre aquellas fincas que tienen 15 o 20 a\u00f1os de abandono y que son incluidas dentro del seguro. En conjunto tenemos que cuidarnos, protegernos y no perder una herramienta tan importante para la producci\u00f3n\u201d, sostuvo.<\/p>\n<p>&nbsp;<\/p>\n<p>*Productores valoraron la convocatoria*<\/p>\n<p>&nbsp;<\/p>\n<p>Pilar Crespillo, una de las agricultoras que particip\u00f3 del encuentro, destac\u00f3 la posibilidad de mantener un di\u00e1logo directo con el municipio y llevar la propuesta a los productores.<\/p>\n<p>\u201cSiempre que hay di\u00e1logo, la conclusi\u00f3n ya empieza bien. Nosotros nos vamos con lo que nos ha propuesto el se\u00f1or intendente y lo vamos a comunicar a las bases para conocer qu\u00e9 opinan\u201d, expres\u00f3.<\/p>\n<p>Respecto de la lucha antigranizo, Crespillo afirm\u00f3: \u201ctener la posibilidad de que este a\u00f1o vuelva a estar en funcionamiento es muy bueno. Lo hemos reclamado tant\u00edsimo que tenemos que afirmarlo, apoyarlo y darle continuidad. Es un sistema de mitigaci\u00f3n y no podemos estar ausentes de ella, sobre todo en el sur de la provincia\u201d.<\/p>\n<p>Por su parte, el productor Juan Carlos Garc\u00eda tambi\u00e9n manifest\u00f3 su conformidad con lo tratado y destac\u00f3 el impacto que tiene la protecci\u00f3n contra el granizo para toda la comunidad.<\/p>\n<p>\u201cRealmente estamos conformes con la reuni\u00f3n con Alejandro. Lo vamos a comunicar al grupo de productores y, de no tener lucha antigranizo, ahora tenemos la posibilidad de que se pueda llegar a lograr\u201d, se\u00f1al\u00f3.<\/p>\n","protected":false},"excerpt":{"rendered":"<p>El intendente de General Alvear, Alejandro Molero, reuni\u00f3 este martes por la ma\u00f1ana a una veintena de productores en la sala &#8230;<\/p>\n","protected":false},"author":7,"featured_media":164385,"comment_status":"open","ping_status":"open","sticky":false,"template":"","format":"standard","meta":{"footnotes":""},"categories":[1],"tags":[],"class_list":["post-164378","post","type-post","status-publish","format-standard","has-post-thumbnail","hentry","category-fmvinas"],"_links":{"self":[{"href":"https:\/\/vinasfm.com\/noticias\/wp-json\/wp\/v2\/posts\/164378","targetHints":{"allow":["GET"]}}],"collection":[{"href":"https:\/\/vinasfm.com\/noticias\/wp-json\/wp\/v2\/posts"}],"about":[{"href":"https:\/\/vinasfm.com\/noticias\/wp-json\/wp\/v2\/types\/post"}],"author":[{"embeddable":true,"href":"https:\/\/vinasfm.com\/noticias\/wp-json\/wp\/v2\/users\/7"}],"replies":[{"embeddable":true,"href":"https:\/\/vinasfm.com\/noticias\/wp-json\/wp\/v2\/comments?post=164378"}],"version-history":[{"count":2,"href":"https:\/\/vinasfm.com\/noticias\/wp-json\/wp\/v2\/posts\/164378\/revisions"}],"predecessor-version":[{"id":164391,"href":"https:\/\/vinasfm.com\/noticias\/wp-json\/wp\/v2\/posts\/164378\/revisions\/164391"}],"wp:featuredmedia":[{"embeddable":true,"href":"https:\/\/vinasfm.com\/noticias\/wp-json\/wp\/v2\/media\/164385"}],"wp:attachment":[{"href":"https:\/\/vinasfm.com\/noticias\/wp-json\/wp\/v2\/media?parent=164378"}],"wp:term":[{"taxonomy":"category","embeddable":true,"href":"https:\/\/vinasfm.com\/noticias\/wp-json\/wp\/v2\/categories?post=164378"},{"taxonomy":"post_tag","embeddable":true,"href":"https:\/\/vinasfm.com\/noticias\/wp-json\/wp\/v2\/tags?post=164378"}],"curies":[{"name":"wp","href":"https:\/\/api.w.org\/{rel}","templated":true}]}}