{"id":164372,"date":"2026-09-01T20:56:45","date_gmt":"2026-09-01T23:56:45","guid":{"rendered":"https:\/\/vinasfm.com\/noticias\/?p=164372"},"modified":"2026-09-01T20:56:45","modified_gmt":"2026-09-01T23:56:45","slug":"mendoza-cede-aeronaves-a-san-rafael-y-general-alvear-para-continuar-con-la-lucha-antigranizo","status":"publish","type":"post","link":"https:\/\/vinasfm.com\/noticias\/mendoza-cede-aeronaves-a-san-rafael-y-general-alvear-para-continuar-con-la-lucha-antigranizo\/","title":{"rendered":"MENDOZA CEDE AERONAVES A SAN RAFAEL Y GENERAL ALVEAR PARA CONTINUAR CON LA LUCHA ANTIGRANIZO"},"content":{"rendered":"<h4><strong>El Gobierno provincial comunic\u00f3 oficialmente la cesi\u00f3n de dos de las cuatro aeronaves que integraban el sistema provincial de lucha antigranizo, con el objetivo de que los municipios de San Rafael y General Alvear puedan continuar con el combate a\u00e9reo contra el granizo si as\u00ed lo consideran necesario.<\/strong><\/h4>\n<p>La decisi\u00f3n fue comunicada por el Gobierno de Mendoza al intendente de General Alvear, Alejandro Molero.<\/p>\n<p>Seg\u00fan consta en la nota firmada por el ministro de Producci\u00f3n, Rodolfo Vargas Arizu, dos de las cuatro aeronaves que formaban parte del sistema provincial ser\u00e1n cedidas a los municipios de San Rafael y General Alvear.<\/p>\n<p>La medida permitir\u00e1 que ambas comunas puedan definir de manera aut\u00f3noma si mantienen el sistema de lucha antigranizo a\u00e9rea y bajo qu\u00e9 modalidad llevarlo adelante.<\/p>\n<p>Adem\u00e1s de las aeronaves, la Provincia anunci\u00f3 que pondr\u00e1 a disposici\u00f3n de los municipios los recursos t\u00e9cnicos de radar vinculados al funcionamiento del sistema, de acuerdo con las necesidades que planteen las comunas y las condiciones que se establezcan para su utilizaci\u00f3n.<\/p>\n<p><span style=\"color: #333399;\"><strong>Un cambio en la estrategia provincial<\/strong><\/span><\/p>\n<p>Desde el Gobierno de Mendoza explicaron que la cesi\u00f3n forma parte de una pol\u00edtica m\u00e1s amplia orientada a destinar los recursos directamente a los productores afectados por contingencias clim\u00e1ticas.<\/p>\n<p>En ese marco, la Provincia sostiene que decidi\u00f3 fortalecer el Seguro Agr\u00edcola y los mecanismos de compensaci\u00f3n, buscando que, ante una p\u00e9rdida, la asistencia econ\u00f3mica llegue directamente al productor y pueda ser utilizada como capital para volver a producir durante la temporada siguiente.<\/p>\n<p>El documento sostiene que la experiencia de los \u00faltimos a\u00f1os demuestra que las contingencias clim\u00e1ticas contin\u00faan produci\u00e9ndose aun cuando se encuentra activo el sistema de lucha antigranizo, incluyendo los \u00faltimos tres a\u00f1os.<\/p>\n<p>Por este motivo, el Gobierno provincial resolvi\u00f3 concentrar sus recursos en herramientas destinadas a brindar una respuesta directa a los productores que sufren p\u00e9rdidas.<\/p>\n<p>&nbsp;<\/p>\n<p>General Alvear podr\u00e1 decidir si mantiene la lucha a\u00e9rea<\/p>\n<p>La decisi\u00f3n deja en manos de los municipios la posibilidad de continuar con la lucha antigranizo a\u00e9rea. En el caso de General Alvear, la comuna contar\u00e1 con una de las aeronaves cedidas y podr\u00e1 evaluar la continuidad del sistema de acuerdo con sus necesidades y posibilidades.<\/p>\n<p>&nbsp;<\/p>\n<p>Mientras tanto, Mendoza plantea que continuar\u00e1 fortaleciendo el Seguro Agr\u00edcola y los mecanismos de asistencia directa al sector productivo.<\/p>\n<p>Desde la Provincia remarcaron que el objetivo es que los recursos destinados a proteger la producci\u00f3n lleguen de la manera m\u00e1s directa y efectiva posible a los productores.<\/p>\n<p>&nbsp;<\/p>\n","protected":false},"excerpt":{"rendered":"<p>El Gobierno provincial comunic\u00f3 oficialmente la cesi\u00f3n de dos de las cuatro aeronaves que integraban el sistema provincial de lucha antigranizo, &#8230;<\/p>\n","protected":false},"author":7,"featured_media":164375,"comment_status":"open","ping_status":"open","sticky":false,"template":"","format":"standard","meta":{"footnotes":""},"categories":[1],"tags":[],"class_list":["post-164372","post","type-post","status-publish","format-standard","has-post-thumbnail","hentry","category-fmvinas"],"_links":{"self":[{"href":"https:\/\/vinasfm.com\/noticias\/wp-json\/wp\/v2\/posts\/164372","targetHints":{"allow":["GET"]}}],"collection":[{"href":"https:\/\/vinasfm.com\/noticias\/wp-json\/wp\/v2\/posts"}],"about":[{"href":"https:\/\/vinasfm.com\/noticias\/wp-json\/wp\/v2\/types\/post"}],"author":[{"embeddable":true,"href":"https:\/\/vinasfm.com\/noticias\/wp-json\/wp\/v2\/users\/7"}],"replies":[{"embeddable":true,"href":"https:\/\/vinasfm.com\/noticias\/wp-json\/wp\/v2\/comments?post=164372"}],"version-history":[{"count":1,"href":"https:\/\/vinasfm.com\/noticias\/wp-json\/wp\/v2\/posts\/164372\/revisions"}],"predecessor-version":[{"id":164376,"href":"https:\/\/vinasfm.com\/noticias\/wp-json\/wp\/v2\/posts\/164372\/revisions\/164376"}],"wp:featuredmedia":[{"embeddable":true,"href":"https:\/\/vinasfm.com\/noticias\/wp-json\/wp\/v2\/media\/164375"}],"wp:attachment":[{"href":"https:\/\/vinasfm.com\/noticias\/wp-json\/wp\/v2\/media?parent=164372"}],"wp:term":[{"taxonomy":"category","embeddable":true,"href":"https:\/\/vinasfm.com\/noticias\/wp-json\/wp\/v2\/categories?post=164372"},{"taxonomy":"post_tag","embeddable":true,"href":"https:\/\/vinasfm.com\/noticias\/wp-json\/wp\/v2\/tags?post=164372"}],"curies":[{"name":"wp","href":"https:\/\/api.w.org\/{rel}","templated":true}]}}