{"id":164369,"date":"2026-09-01T20:05:41","date_gmt":"2026-09-01T23:05:41","guid":{"rendered":"https:\/\/vinasfm.com\/noticias\/?p=164369"},"modified":"2026-09-01T20:05:41","modified_gmt":"2026-09-01T23:05:41","slug":"mauricio-sat-cuestiono-a-molero-por-la-promesa-de-comprar-un-avion-para-la-lucha-antigranizo-parece-una-puesta-en-escena","status":"publish","type":"post","link":"https:\/\/vinasfm.com\/noticias\/mauricio-sat-cuestiono-a-molero-por-la-promesa-de-comprar-un-avion-para-la-lucha-antigranizo-parece-una-puesta-en-escena\/","title":{"rendered":"MAURICIO SAT CUESTION\u00d3 A MOLERO POR LA PROMESA DE COMPRAR UN AVI\u00d3N PARA LA LUCHA ANTIGRANIZO: \u201cPARECE UNA PUESTA EN ESCENA\u201d"},"content":{"rendered":"<h4><strong>El senador provincial por San Rafael del Partido Justicialista, Mauricio Sat, cuestion\u00f3 los dichos del intendente de General Alvear, Alejandro Molero, en una conferencia de prensa esta ma\u00f1ana, donde dej\u00f3 entrever la posibilidad de que ese municipio vecino compre un avi\u00f3n destinado a la lucha antigranizo tras hablar con el gobernador Cornejo y el ministro de Producci\u00f3n Vargas Arizu.<\/strong><\/h4>\n<p>Sat, en comunicaci\u00f3n con Diario San Rafael, vincul\u00f3 la situaci\u00f3n con una supuesta estrategia del Gobierno provincial para desfinanciar a San Rafael.<\/p>\n<p>El legislador record\u00f3 que, cuando la Provincia decidi\u00f3 dejar de financiar el sistema, desde el Ejecutivo provincial se hab\u00eda planteado que una gesti\u00f3n eficiente por parte de los municipios del sur podr\u00eda abrir la posibilidad de recuperar el aporte provincial.<\/p>\n<p>&nbsp;<\/p>\n<p>\u201cEl Gobierno en su momento manifest\u00f3 que si nosotros desde el Sur, tanto en el municipio de San Rafael como en el de Alvear, demostr\u00e1bamos que la lucha era eficiente, ellos la volv\u00edan a financiar\u201d, se\u00f1al\u00f3 Sat.<\/p>\n<p>&nbsp;<\/p>\n<p>En ese sentido, consider\u00f3 que los resultados obtenidos durante la temporada anterior demostraron la utilidad del sistema. \u201cEficiente ha sido. El claro ejemplo es c\u00f3mo el a\u00f1o pasado en General Alvear no cay\u00f3 granizo directamente. Nosotros s\u00ed tuvimos que lamentar en algunos distritos\u201d, sostuvo.<\/p>\n<p>Sat remarc\u00f3 adem\u00e1s que se trata de un mecanismo de mitigaci\u00f3n y defendi\u00f3 su continuidad frente a otras alternativas de protecci\u00f3n para la producci\u00f3n. Seg\u00fan expres\u00f3, implementar de manera generalizada otros sistemas, como la colocaci\u00f3n de malla antigranizo, demandar\u00eda una inversi\u00f3n y un per\u00edodo de tiempo considerablemente mayores.<\/p>\n<p>&nbsp;<\/p>\n<p>Cr\u00edticas por la situaci\u00f3n financiera de General Alvear<\/p>\n<p>&nbsp;<\/p>\n<p>Uno de los principales cuestionamientos del senador estuvo dirigido a la eventual adquisici\u00f3n de una aeronave por parte de la comuna alvearense. Sat sostuvo que la iniciativa resulta contradictoria con las dificultades econ\u00f3micas que, seg\u00fan se\u00f1al\u00f3, viene manifestando el municipio.<\/p>\n<p>&nbsp;<\/p>\n<p>\u201cLlama mucho la atenci\u00f3n y, a mi entender, esto tiene que ver con una estrategia pol\u00edtica de desfinanciamiento al municipio de San Rafael\u201d, afirm\u00f3.<\/p>\n<p>&nbsp;<\/p>\n<p>El senador asegur\u00f3 que General Alvear termin\u00f3 recientemente de cancelar compromisos con San Rafael correspondientes a la lucha antigranizo y sostuvo que todav\u00eda existir\u00edan obligaciones pendientes con el fideicomiso conformado para sostener el sistema.<\/p>\n<p>&nbsp;<\/p>\n<p>\u201cSi est\u00e1 debiendo, \u00bfc\u00f3mo ahora tiene la capacidad econ\u00f3mica para poder comprar un avi\u00f3n? En definitiva, yo lo que creo es que el Gobierno ser\u00eda quien le dar\u00eda la posibilidad de comprar este avi\u00f3n, porque el municipio en teor\u00eda no tiene los fondos\u201d, plante\u00f3.<\/p>\n<p>&nbsp;<\/p>\n<p>Sat tambi\u00e9n hizo referencia a los adelantos de coparticipaci\u00f3n solicitados por General Alvear. A su entender, esos pedidos muestran una situaci\u00f3n financiera que no ser\u00eda compatible con una inversi\u00f3n de las caracter\u00edsticas que supone adquirir una aeronave.<\/p>\n<p>&nbsp;<\/p>\n<p>\u201cSi es un municipio que est\u00e1 casi todos los d\u00edas pidiendo adelantos \u2014en los \u00faltimos meses ha pedido varios adelantos de coparticipaci\u00f3n\u2014 significa que est\u00e1 con dificultades econ\u00f3micas y ahora saldr\u00eda a comprar un avi\u00f3n. La verdad que parece bastante raro y contradictorio\u201d, expres\u00f3.<\/p>\n<p>\u201cUn problema que gener\u00f3 el Gobierno provincial\u201d<\/p>\n<p>Para el legislador justicialista, la discusi\u00f3n actual tiene su origen en la decisi\u00f3n del Gobierno mendocino de retirar el financiamiento provincial de la lucha antigranizo y trasladar al sur provincial la responsabilidad de sostener el sistema.<\/p>\n<p>\u201cPara m\u00ed es una puesta en escena para generar una distracci\u00f3n sobre un claro compromiso, sobre un problema que gener\u00f3 el mismo Gobierno provincial, que de un d\u00eda para el otro dijo \u2018vamos a sacar la lucha antigranizo\u2019 y que no quiere resolverlo\u201d, cuestion\u00f3.<\/p>\n<p>Finalmente, Sat apunt\u00f3 contra los tiempos en los que vuelve a instalarse la discusi\u00f3n, teniendo en cuenta la proximidad de una nueva temporada de tormentas.<\/p>\n<p>\u201cLo llamativo tambi\u00e9n es c\u00f3mo puede ser que reci\u00e9n ahora, que ya deber\u00eda estar operativa en los pr\u00f3ximos d\u00edas, intenten empezar a plantear la posibilidad de que haya lucha. Es muy llamativo y llama poderosamente la atenci\u00f3n estas actitudes que est\u00e1n teniendo tanto el Gobierno provincial como el intendente Molero\u201d, concluy\u00f3 el senador sanrafaelino.<\/p>\n","protected":false},"excerpt":{"rendered":"<p>El senador provincial por San Rafael del Partido Justicialista, Mauricio Sat, cuestion\u00f3 los dichos del intendente de General Alvear, Alejandro Molero, &#8230;<\/p>\n","protected":false},"author":7,"featured_media":164370,"comment_status":"open","ping_status":"open","sticky":false,"template":"","format":"standard","meta":{"footnotes":""},"categories":[1],"tags":[],"class_list":["post-164369","post","type-post","status-publish","format-standard","has-post-thumbnail","hentry","category-fmvinas"],"_links":{"self":[{"href":"https:\/\/vinasfm.com\/noticias\/wp-json\/wp\/v2\/posts\/164369","targetHints":{"allow":["GET"]}}],"collection":[{"href":"https:\/\/vinasfm.com\/noticias\/wp-json\/wp\/v2\/posts"}],"about":[{"href":"https:\/\/vinasfm.com\/noticias\/wp-json\/wp\/v2\/types\/post"}],"author":[{"embeddable":true,"href":"https:\/\/vinasfm.com\/noticias\/wp-json\/wp\/v2\/users\/7"}],"replies":[{"embeddable":true,"href":"https:\/\/vinasfm.com\/noticias\/wp-json\/wp\/v2\/comments?post=164369"}],"version-history":[{"count":1,"href":"https:\/\/vinasfm.com\/noticias\/wp-json\/wp\/v2\/posts\/164369\/revisions"}],"predecessor-version":[{"id":164371,"href":"https:\/\/vinasfm.com\/noticias\/wp-json\/wp\/v2\/posts\/164369\/revisions\/164371"}],"wp:featuredmedia":[{"embeddable":true,"href":"https:\/\/vinasfm.com\/noticias\/wp-json\/wp\/v2\/media\/164370"}],"wp:attachment":[{"href":"https:\/\/vinasfm.com\/noticias\/wp-json\/wp\/v2\/media?parent=164369"}],"wp:term":[{"taxonomy":"category","embeddable":true,"href":"https:\/\/vinasfm.com\/noticias\/wp-json\/wp\/v2\/categories?post=164369"},{"taxonomy":"post_tag","embeddable":true,"href":"https:\/\/vinasfm.com\/noticias\/wp-json\/wp\/v2\/tags?post=164369"}],"curies":[{"name":"wp","href":"https:\/\/api.w.org\/{rel}","templated":true}]}}