{"id":164350,"date":"2026-09-01T14:51:39","date_gmt":"2026-09-01T17:51:39","guid":{"rendered":"https:\/\/vinasfm.com\/noticias\/?p=164350"},"modified":"2026-09-01T14:51:39","modified_gmt":"2026-09-01T17:51:39","slug":"gracias-docentes-maria-laura-riveros-entre-los-cinco-docentes-destacados-dentro-de-la-campana-de-fundacion-varkey-y-mdz","status":"publish","type":"post","link":"https:\/\/vinasfm.com\/noticias\/gracias-docentes-maria-laura-riveros-entre-los-cinco-docentes-destacados-dentro-de-la-campana-de-fundacion-varkey-y-mdz\/","title":{"rendered":"#GRACIAS DOCENTES: MAR\u00cdA LAURA RIVEROS ENTRE LOS CINCO DOCENTES DESTACADOS DENTRO DE LA CAMPA\u00d1A DE FUNDACI\u00d3N VARKEY Y MDZ"},"content":{"rendered":"<h4><strong>Fundaci\u00f3n Varkey junto con MDZ llev\u00f3 adelante la cuarta campa\u00f1a nacional de v\u00eda p\u00fablica que busca concientizar sobre la importancia de la tarea docente con historias y rostros reales, el objetivo de la iniciativa es que la sociedad reconozca a los grandes docentes.<\/strong><\/h4>\n<p>Desde su creaci\u00f3n, la <strong><span style=\"color: #333399;\">iniciativa<\/span><\/strong> ya ha recibido cientos de postulaciones de todo el pa\u00eds y ha permitido visibilizar historias de\u00a0<strong><span style=\"color: #333399;\">docentes\u00a0<\/span><\/strong>que trabajan en grandes ciudades, peque\u00f1os pueblos, escuelas rurales y contextos de alta vulnerabilidad social.<\/p>\n<p><a href=\"https:\/\/vinasfm.com\/noticias\/wp-content\/uploads\/2026\/09\/Gracias-Docentes-2026.jpg\"><img loading=\"lazy\" decoding=\"async\" class=\"size-large wp-image-164365 aligncenter\" src=\"https:\/\/vinasfm.com\/noticias\/wp-content\/uploads\/2026\/09\/Gracias-Docentes-2026-768x1024.jpg\" alt=\"\" width=\"768\" height=\"1024\" srcset=\"https:\/\/vinasfm.com\/noticias\/wp-content\/uploads\/2026\/09\/Gracias-Docentes-2026-768x1024.jpg 768w, https:\/\/vinasfm.com\/noticias\/wp-content\/uploads\/2026\/09\/Gracias-Docentes-2026-225x300.jpg 225w, https:\/\/vinasfm.com\/noticias\/wp-content\/uploads\/2026\/09\/Gracias-Docentes-2026.jpg 1080w\" sizes=\"auto, (max-width: 768px) 100vw, 768px\" \/><\/a><\/p>\n<p>Este 2026 ya tiene a sus ganadores, entre los cinco destacados se encuentre <strong><span style=\"color: #333399;\">Mar\u00eda Laura Riveros<\/span><\/strong> desde General Alvear representando a Mendoza.<\/p>\n<p>Laura, profesora de <strong><span style=\"color: #333399;\">Comunicaci\u00f3n Social y Lengua<\/span><\/strong>, recibi\u00f3 este reconocimiento por su trayectoria y las estrategias educativas que desarrolla junto a sus alumnos, fue postulada por un exalumno que hoy es colega suyo: <em><strong>&#8216;el me dec\u00eda que lo hab\u00eda marcado, muchos consejos que yo le hab\u00eda dado cuando la estaba pasando mal, y que lo record\u00f3, me dijo que merec\u00eda un regalo<\/strong><\/em>&#8216;, coment\u00f3 en di\u00e1logo con <strong><span style=\"color: #333399;\">FM VI\u00d1AS<\/span><\/strong>.<\/p>\n<p>La fundaci\u00f3n, de alcance internacional y <strong><span style=\"color: #333399;\">creada por un jeque \u00e1rabe<\/span><\/strong> que destina parte de sus recursos a la educaci\u00f3n, seleccion\u00f3 a cinco docentes por cada pa\u00eds. En el caso de <strong><span style=\"color: #333399;\">Argentina<\/span><\/strong>, Laura qued\u00f3 entre las cinco elegidas, quienes durante septiembre ser\u00e1n las caras visibles y representantes de los docentes argentinos.<\/p>\n<p><a href=\"https:\/\/vinasfm.com\/noticias\/wp-content\/uploads\/2026\/09\/Gracias-Docentes.jpg\"><img loading=\"lazy\" decoding=\"async\" class=\"size-large wp-image-164366 aligncenter\" src=\"https:\/\/vinasfm.com\/noticias\/wp-content\/uploads\/2026\/09\/Gracias-Docentes-768x1024.jpg\" alt=\"\" width=\"768\" height=\"1024\" srcset=\"https:\/\/vinasfm.com\/noticias\/wp-content\/uploads\/2026\/09\/Gracias-Docentes-768x1024.jpg 768w, https:\/\/vinasfm.com\/noticias\/wp-content\/uploads\/2026\/09\/Gracias-Docentes-225x300.jpg 225w, https:\/\/vinasfm.com\/noticias\/wp-content\/uploads\/2026\/09\/Gracias-Docentes.jpg 1080w\" sizes=\"auto, (max-width: 768px) 100vw, 768px\" \/><\/a><\/p>\n<p>Uno de los <strong><span style=\"color: #333399;\">aspectos<\/span><\/strong> que se destac\u00f3 de su trayectoria son las <strong><span style=\"color: #333399;\">salidas educativas<\/span><\/strong> que realiza con sus alumnos:<em><strong> &#8216;esta pr\u00e1ctica la sostengo desde hace a\u00f1os y la llevo adelante junto a otros docentes, estas experiencias permiten que los estudiantes incorporen conocimientos de una manera diferente, fuera del aula y a trav\u00e9s de experiencias que disfrutan especialmente&#8217;<\/strong><\/em>, agreg\u00f3.<\/p>\n<p>Actualmente, la profesora trabaja en la <strong data-start=\"2354\" data-end=\"2378\"><span style=\"color: #333399;\">Escuela 4-144 \u00ab12 de Agosto<\/span>\u00ab<\/strong>, en General Alvear, tambi\u00e9n se desempe\u00f1a en otros establecimientos de la zona, entre ellos la <strong><span style=\"color: #333399;\">Escuela Seizo Hoshi<\/span> <\/strong>de Real del Padre, actualmente la docente reside en Jaime Prats.<\/p>\n<p>As\u00ed, el reconocimiento no solo pone en valor sus a\u00f1os de trabajo en las aulas, sino tambi\u00e9n aquellas peque\u00f1as acciones que dejan huella en los estudiantes.<\/p>\n<p>&nbsp;<\/p>\n","protected":false},"excerpt":{"rendered":"<p>Fundaci\u00f3n Varkey junto con MDZ llev\u00f3 adelante la cuarta campa\u00f1a nacional de v\u00eda p\u00fablica que busca concientizar sobre la importancia de &#8230;<\/p>\n","protected":false},"author":7,"featured_media":164364,"comment_status":"open","ping_status":"open","sticky":false,"template":"","format":"standard","meta":{"footnotes":""},"categories":[1],"tags":[],"class_list":["post-164350","post","type-post","status-publish","format-standard","has-post-thumbnail","hentry","category-fmvinas"],"_links":{"self":[{"href":"https:\/\/vinasfm.com\/noticias\/wp-json\/wp\/v2\/posts\/164350","targetHints":{"allow":["GET"]}}],"collection":[{"href":"https:\/\/vinasfm.com\/noticias\/wp-json\/wp\/v2\/posts"}],"about":[{"href":"https:\/\/vinasfm.com\/noticias\/wp-json\/wp\/v2\/types\/post"}],"author":[{"embeddable":true,"href":"https:\/\/vinasfm.com\/noticias\/wp-json\/wp\/v2\/users\/7"}],"replies":[{"embeddable":true,"href":"https:\/\/vinasfm.com\/noticias\/wp-json\/wp\/v2\/comments?post=164350"}],"version-history":[{"count":2,"href":"https:\/\/vinasfm.com\/noticias\/wp-json\/wp\/v2\/posts\/164350\/revisions"}],"predecessor-version":[{"id":164368,"href":"https:\/\/vinasfm.com\/noticias\/wp-json\/wp\/v2\/posts\/164350\/revisions\/164368"}],"wp:featuredmedia":[{"embeddable":true,"href":"https:\/\/vinasfm.com\/noticias\/wp-json\/wp\/v2\/media\/164364"}],"wp:attachment":[{"href":"https:\/\/vinasfm.com\/noticias\/wp-json\/wp\/v2\/media?parent=164350"}],"wp:term":[{"taxonomy":"category","embeddable":true,"href":"https:\/\/vinasfm.com\/noticias\/wp-json\/wp\/v2\/categories?post=164350"},{"taxonomy":"post_tag","embeddable":true,"href":"https:\/\/vinasfm.com\/noticias\/wp-json\/wp\/v2\/tags?post=164350"}],"curies":[{"name":"wp","href":"https:\/\/api.w.org\/{rel}","templated":true}]}}