{"id":164348,"date":"2026-09-01T14:21:42","date_gmt":"2026-09-01T17:21:42","guid":{"rendered":"https:\/\/vinasfm.com\/noticias\/?p=164348"},"modified":"2026-09-01T14:21:42","modified_gmt":"2026-09-01T17:21:42","slug":"bus-producciones-sigue-creciendo-y-suma-nuevas-presentaciones-con-su-obra-de-teatro-homenajeando-a-la-carroza","status":"publish","type":"post","link":"https:\/\/vinasfm.com\/noticias\/bus-producciones-sigue-creciendo-y-suma-nuevas-presentaciones-con-su-obra-de-teatro-homenajeando-a-la-carroza\/","title":{"rendered":"BUS PRODUCCIONES SIGUE CRECIENDO Y SUMA NUEVAS PRESENTACIONES CON SU OBRA DE TEATRO \u00abHOMENAJEANDO A LA CARROZA\u00bb"},"content":{"rendered":"<h4><strong>El teatro independiente contin\u00faa ganando espacio en nuestro departamento y una muestra de ello fue la reciente presentaci\u00f3n de Bus Producciones con su homenaje a la gran pel\u00edcula argentina &#8216;Esperando la Carroza&#8217; que logr\u00f3 realizar seis funciones con una importante convocatoria de p\u00fablico.<\/strong><\/h4>\n<p><a href=\"https:\/\/vinasfm.com\/noticias\/wp-content\/uploads\/2026\/09\/Bus-Producciones-00.jpg\"><img loading=\"lazy\" decoding=\"async\" class=\"alignnone size-large wp-image-164361\" src=\"https:\/\/vinasfm.com\/noticias\/wp-content\/uploads\/2026\/09\/Bus-Producciones-00-1024x576.jpg\" alt=\"\" width=\"1024\" height=\"576\" srcset=\"https:\/\/vinasfm.com\/noticias\/wp-content\/uploads\/2026\/09\/Bus-Producciones-00-1024x576.jpg 1024w, https:\/\/vinasfm.com\/noticias\/wp-content\/uploads\/2026\/09\/Bus-Producciones-00-300x169.jpg 300w, https:\/\/vinasfm.com\/noticias\/wp-content\/uploads\/2026\/09\/Bus-Producciones-00-768x432.jpg 768w, https:\/\/vinasfm.com\/noticias\/wp-content\/uploads\/2026\/09\/Bus-Producciones-00.jpg 1080w\" sizes=\"auto, (max-width: 1024px) 100vw, 1024px\" \/><\/a><\/p>\n<p>La propuesta se desarroll\u00f3 en la sala ubicada en <strong><span style=\"color: #333399;\">Calle Caseros al 260<\/span><\/strong>, un espacio que el grupo utiliza habitualmente para sus ensayos y presentaciones, as\u00ed lo expreso en di\u00e1logo con <strong><span style=\"color: #333399;\">FM VI\u00d1AS<\/span><\/strong> el Director de Bus Producciones, <strong><span style=\"color: #333399;\">Ariel G\u00f3nzalez<\/span><\/strong>:<em><strong> &#8216;meter seis funciones era todo un desaf\u00edo, en a\u00f1os anteriores algunas obras que demandaron meses de preparaci\u00f3n solamente pudieron presentarse una o dos veces, en esta oportunidad la posibilidad de repetir el espect\u00e1culo permiti\u00f3 adem\u00e1s que cada funci\u00f3n tuviera caracter\u00edsticas diferentes y un v\u00ednculo m\u00e1s cercano entre los actores y el p\u00fablico&#8217;<\/strong><\/em>, coment\u00f3.<\/p>\n<div id=\"attachment_164362\" style=\"width: 1024px\" class=\"wp-caption alignnone\"><a href=\"https:\/\/vinasfm.com\/noticias\/wp-content\/uploads\/2026\/09\/Ariel-Bus-Producciones-scaled.png\"><img loading=\"lazy\" decoding=\"async\" aria-describedby=\"caption-attachment-164362\" class=\"size-large wp-image-164362\" src=\"https:\/\/vinasfm.com\/noticias\/wp-content\/uploads\/2026\/09\/Ariel-Bus-Producciones-1024x768.png\" alt=\"Ariel Bus Producciones\" width=\"1024\" height=\"768\" srcset=\"https:\/\/vinasfm.com\/noticias\/wp-content\/uploads\/2026\/09\/Ariel-Bus-Producciones-1024x768.png 1024w, https:\/\/vinasfm.com\/noticias\/wp-content\/uploads\/2026\/09\/Ariel-Bus-Producciones-300x225.png 300w, https:\/\/vinasfm.com\/noticias\/wp-content\/uploads\/2026\/09\/Ariel-Bus-Producciones-768x576.png 768w, https:\/\/vinasfm.com\/noticias\/wp-content\/uploads\/2026\/09\/Ariel-Bus-Producciones-1536x1152.png 1536w, https:\/\/vinasfm.com\/noticias\/wp-content\/uploads\/2026\/09\/Ariel-Bus-Producciones-2048x1536.png 2048w\" sizes=\"auto, (max-width: 1024px) 100vw, 1024px\" \/><\/a><p id=\"caption-attachment-164362\" class=\"wp-caption-text\"><strong><em>Ariel Bus Producciones<\/em><\/strong><\/p><\/div>\n<p>El escenario fue planteado pr\u00e1cticamente en formato <span style=\"color: #333399;\"><strong>360 grados<\/strong><\/span>, con actuaciones desde distintos sectores, generando una <strong><span style=\"color: #333399;\">experiencia de mayor cercan\u00eda<\/span><\/strong> e inmersi\u00f3n para los espectadores: <em><strong>&#8216;la obra tom\u00f3 como referencia distintos elementos de la pel\u00edcula, incluyendo escenas y di\u00e1logos que permanecen en la memoria popular&#8217;<\/strong><\/em>, agreg\u00f3 Gonz\u00e1lez.<\/p>\n<p><a href=\"https:\/\/vinasfm.com\/noticias\/wp-content\/uploads\/2026\/09\/Bus-Producciones-01.jpg\"><img loading=\"lazy\" decoding=\"async\" class=\"alignnone size-large wp-image-164360\" src=\"https:\/\/vinasfm.com\/noticias\/wp-content\/uploads\/2026\/09\/Bus-Producciones-01-1024x576.jpg\" alt=\"\" width=\"1024\" height=\"576\" srcset=\"https:\/\/vinasfm.com\/noticias\/wp-content\/uploads\/2026\/09\/Bus-Producciones-01-1024x576.jpg 1024w, https:\/\/vinasfm.com\/noticias\/wp-content\/uploads\/2026\/09\/Bus-Producciones-01-300x169.jpg 300w, https:\/\/vinasfm.com\/noticias\/wp-content\/uploads\/2026\/09\/Bus-Producciones-01-768x432.jpg 768w, https:\/\/vinasfm.com\/noticias\/wp-content\/uploads\/2026\/09\/Bus-Producciones-01.jpg 1080w\" sizes=\"auto, (max-width: 1024px) 100vw, 1024px\" \/><\/a><\/p>\n<p>El \u00e9xito de las funciones abri\u00f3 nuevas posibilidades para Bus Producciones ya que el pr\u00f3ximo desaf\u00edo ser\u00e1 trasladar la obra a <span style=\"color: #333399;\"><strong>San Rafael<\/strong><\/span>, donde se presentar\u00e1 el <strong><span style=\"color: #333399;\">viernes 9 de octubre<\/span>.<\/strong><\/p>\n<p><a href=\"https:\/\/vinasfm.com\/noticias\/wp-content\/uploads\/2026\/09\/Bus-Producciones-06.jpg\"><img loading=\"lazy\" decoding=\"async\" class=\"size-large wp-image-164355 aligncenter\" src=\"https:\/\/vinasfm.com\/noticias\/wp-content\/uploads\/2026\/09\/Bus-Producciones-06-576x1024.jpg\" alt=\"\" width=\"576\" height=\"1024\" srcset=\"https:\/\/vinasfm.com\/noticias\/wp-content\/uploads\/2026\/09\/Bus-Producciones-06-576x1024.jpg 576w, https:\/\/vinasfm.com\/noticias\/wp-content\/uploads\/2026\/09\/Bus-Producciones-06-169x300.jpg 169w, https:\/\/vinasfm.com\/noticias\/wp-content\/uploads\/2026\/09\/Bus-Producciones-06-768x1365.jpg 768w, https:\/\/vinasfm.com\/noticias\/wp-content\/uploads\/2026\/09\/Bus-Producciones-06-864x1536.jpg 864w, https:\/\/vinasfm.com\/noticias\/wp-content\/uploads\/2026\/09\/Bus-Producciones-06.jpg 900w\" sizes=\"auto, (max-width: 576px) 100vw, 576px\" \/><\/a><\/p>\n<p>El grupo contar\u00e1 adem\u00e1s con el acompa\u00f1amiento de <span style=\"color: #333399;\"><strong>Daniel Balmaceda<\/strong>,<\/span> profesor de teatro sanrafaelino que estuvo presente durante una de las funciones.<\/p>\n<p><a href=\"https:\/\/vinasfm.com\/noticias\/wp-content\/uploads\/2026\/09\/Bus-Producciones-02.jpg\"><img loading=\"lazy\" decoding=\"async\" class=\"size-large wp-image-164359 aligncenter\" src=\"https:\/\/vinasfm.com\/noticias\/wp-content\/uploads\/2026\/09\/Bus-Producciones-02-576x1024.jpg\" alt=\"\" width=\"576\" height=\"1024\" srcset=\"https:\/\/vinasfm.com\/noticias\/wp-content\/uploads\/2026\/09\/Bus-Producciones-02-576x1024.jpg 576w, https:\/\/vinasfm.com\/noticias\/wp-content\/uploads\/2026\/09\/Bus-Producciones-02-169x300.jpg 169w, https:\/\/vinasfm.com\/noticias\/wp-content\/uploads\/2026\/09\/Bus-Producciones-02.jpg 720w\" sizes=\"auto, (max-width: 576px) 100vw, 576px\" \/><\/a><\/p>\n<p>Seg\u00fan coment\u00f3 Ariel Gonz\u00e1lez en los micr\u00f3fonos de <strong><span style=\"color: #333399;\">FM VI\u00d1AS<\/span><\/strong> recibi\u00f3 una invitaci\u00f3n para presentar la obra en <strong><span style=\"color: #333399;\">25 de Mayo<\/span>, <span style=\"color: #333399;\">La Pampa<\/span><\/strong>, donde ya se encuentran analizando los costos y la log\u00edstica necesarios para concretar el viaje.<\/p>\n<p><a href=\"https:\/\/vinasfm.com\/noticias\/wp-content\/uploads\/2026\/09\/Bus-Producciones-03.jpg\"><img loading=\"lazy\" decoding=\"async\" class=\"size-large wp-image-164358 aligncenter\" src=\"https:\/\/vinasfm.com\/noticias\/wp-content\/uploads\/2026\/09\/Bus-Producciones-03-576x1024.jpg\" alt=\"\" width=\"576\" height=\"1024\" srcset=\"https:\/\/vinasfm.com\/noticias\/wp-content\/uploads\/2026\/09\/Bus-Producciones-03-576x1024.jpg 576w, https:\/\/vinasfm.com\/noticias\/wp-content\/uploads\/2026\/09\/Bus-Producciones-03-169x300.jpg 169w, https:\/\/vinasfm.com\/noticias\/wp-content\/uploads\/2026\/09\/Bus-Producciones-03.jpg 720w\" sizes=\"auto, (max-width: 576px) 100vw, 576px\" \/><\/a><\/p>\n<p>Ariel asegur\u00f3 que el <strong><span style=\"color: #333399;\">objetivo no es funcionar como una escuela tradicional de teatro<\/span><\/strong>, sino como un espacio donde personas con distintas experiencias puedan encontrarse y hacer teatro:<em><strong> &#8216;somos como una compa\u00f1\u00eda de teatro, donde se va sumando gente permanentemente&#8217;<\/strong><\/em>, concluy\u00f3.<\/p>\n<p><a href=\"https:\/\/vinasfm.com\/noticias\/wp-content\/uploads\/2026\/09\/Bus-Producciones-04.jpg\"><img loading=\"lazy\" decoding=\"async\" class=\"size-large wp-image-164357 aligncenter\" src=\"https:\/\/vinasfm.com\/noticias\/wp-content\/uploads\/2026\/09\/Bus-Producciones-04-576x1024.jpg\" alt=\"\" width=\"576\" height=\"1024\" srcset=\"https:\/\/vinasfm.com\/noticias\/wp-content\/uploads\/2026\/09\/Bus-Producciones-04-576x1024.jpg 576w, https:\/\/vinasfm.com\/noticias\/wp-content\/uploads\/2026\/09\/Bus-Producciones-04-169x300.jpg 169w, https:\/\/vinasfm.com\/noticias\/wp-content\/uploads\/2026\/09\/Bus-Producciones-04.jpg 720w\" sizes=\"auto, (max-width: 576px) 100vw, 576px\" \/><\/a><\/p>\n","protected":false},"excerpt":{"rendered":"<p>El teatro independiente contin\u00faa ganando espacio en nuestro departamento y una muestra de ello fue la reciente presentaci\u00f3n de Bus Producciones &#8230;<\/p>\n","protected":false},"author":7,"featured_media":164356,"comment_status":"open","ping_status":"open","sticky":false,"template":"","format":"standard","meta":{"footnotes":""},"categories":[1],"tags":[],"class_list":["post-164348","post","type-post","status-publish","format-standard","has-post-thumbnail","hentry","category-fmvinas"],"_links":{"self":[{"href":"https:\/\/vinasfm.com\/noticias\/wp-json\/wp\/v2\/posts\/164348","targetHints":{"allow":["GET"]}}],"collection":[{"href":"https:\/\/vinasfm.com\/noticias\/wp-json\/wp\/v2\/posts"}],"about":[{"href":"https:\/\/vinasfm.com\/noticias\/wp-json\/wp\/v2\/types\/post"}],"author":[{"embeddable":true,"href":"https:\/\/vinasfm.com\/noticias\/wp-json\/wp\/v2\/users\/7"}],"replies":[{"embeddable":true,"href":"https:\/\/vinasfm.com\/noticias\/wp-json\/wp\/v2\/comments?post=164348"}],"version-history":[{"count":4,"href":"https:\/\/vinasfm.com\/noticias\/wp-json\/wp\/v2\/posts\/164348\/revisions"}],"predecessor-version":[{"id":164363,"href":"https:\/\/vinasfm.com\/noticias\/wp-json\/wp\/v2\/posts\/164348\/revisions\/164363"}],"wp:featuredmedia":[{"embeddable":true,"href":"https:\/\/vinasfm.com\/noticias\/wp-json\/wp\/v2\/media\/164356"}],"wp:attachment":[{"href":"https:\/\/vinasfm.com\/noticias\/wp-json\/wp\/v2\/media?parent=164348"}],"wp:term":[{"taxonomy":"category","embeddable":true,"href":"https:\/\/vinasfm.com\/noticias\/wp-json\/wp\/v2\/categories?post=164348"},{"taxonomy":"post_tag","embeddable":true,"href":"https:\/\/vinasfm.com\/noticias\/wp-json\/wp\/v2\/tags?post=164348"}],"curies":[{"name":"wp","href":"https:\/\/api.w.org\/{rel}","templated":true}]}}