{"id":164344,"date":"2026-09-01T11:26:11","date_gmt":"2026-09-01T14:26:11","guid":{"rendered":"https:\/\/vinasfm.com\/noticias\/?p=164344"},"modified":"2026-09-01T11:26:11","modified_gmt":"2026-09-01T14:26:11","slug":"la-policia-federal-de-san-rafael-detuvo-a-un-hombre-que-era-buscado-por-abuso-sexual-con-acceso-carnal-en-tucuman","status":"publish","type":"post","link":"https:\/\/vinasfm.com\/noticias\/la-policia-federal-de-san-rafael-detuvo-a-un-hombre-que-era-buscado-por-abuso-sexual-con-acceso-carnal-en-tucuman\/","title":{"rendered":"LA POLIC\u00cdA FEDERAL DE SAN RAFAEL DETUVO A UN HOMBRE QUE ERA BUSCADO POR ABUSO SEXUAL CON ACCESO CARNAL EN TUCUM\u00c1N"},"content":{"rendered":"<h4><strong>El lunes en horas de la tarde, seg\u00fan pudo averiguar Diario San Rafael, la Divisi\u00f3n Unidad Operativa Federal San Rafael de la Polic\u00eda Federal Argentina, detuvo a un hombre mayor de edad, quien era buscado por la justicia de Tucum\u00e1n desde el mes de febrero de este a\u00f1o, vinculado a una causa por el delito de Abuso con acceso carnal, lesiones y amenazas.<\/strong><\/h4>\n<p class=\"wp-block-paragraph\">La fuerza Federal que intervino, cuenta con la Divisi\u00f3n Sistemas Biom\u00e9tricos, quien se encarga de triangular datos en relaci\u00f3n a aquellas personas que sean buscadas por la justicia.<\/p>\n<p class=\"wp-block-paragraph\">Esa informaci\u00f3n fue brindada a la Divisi\u00f3n local de la Polic\u00eda Federal Argentina, cuya tarea estuvo a cargo de la brigada de investigaciones y la Unidad de Inteligencia Criminal.<\/p>\n<p class=\"wp-block-paragraph\">Luego de exhaustivas averiguaciones sobre la vivienda del pr\u00f3fugo, quien estar\u00eda viviendo en Real del Padre, San Rafael, los detectives lograron dar con \u00e9l, ya que en el momento de la detenci\u00f3n se encontraba en\u00a0<strong>el Distrito de Goudge<\/strong>, lugar en el que concretaron su detenci\u00f3n.<\/p>\n<p class=\"wp-block-paragraph\">El hombre, en estos momentos se encuentra detenido en los calabozos de la Divisi\u00f3n San Rafael de Polic\u00eda Federal, a disposici\u00f3n del Juzgado de Instrucci\u00f3n Conclusional Nro. II de la Provincia de Tucum\u00e1n, quien en unas horas emitir\u00e1 nuevas directivas con respecto a su situaci\u00f3n procesal y su traslado a los Tribunales Tucumanos.<\/p>\n<p class=\"wp-block-paragraph\">La Divisi\u00f3n Unidad Operativa Federal San Rafael, por directivas del Comando Institucional, trabaja en la prevenci\u00f3n y represi\u00f3n de delitos Federales, como as\u00ed tambi\u00e9n pone a disposici\u00f3n de la<br \/>\nJusticia local a aquellas personas que intenten evadido.<\/p>\n<h6><strong><span style=\"color: #ff0000;\">Fuente: Diario San Rafael<\/span><\/strong><\/h6>\n","protected":false},"excerpt":{"rendered":"<p>El lunes en horas de la tarde, seg\u00fan pudo averiguar Diario San Rafael, la Divisi\u00f3n Unidad Operativa Federal San Rafael de &#8230;<\/p>\n","protected":false},"author":7,"featured_media":164345,"comment_status":"open","ping_status":"open","sticky":false,"template":"","format":"standard","meta":{"footnotes":""},"categories":[1],"tags":[],"class_list":["post-164344","post","type-post","status-publish","format-standard","has-post-thumbnail","hentry","category-fmvinas"],"_links":{"self":[{"href":"https:\/\/vinasfm.com\/noticias\/wp-json\/wp\/v2\/posts\/164344","targetHints":{"allow":["GET"]}}],"collection":[{"href":"https:\/\/vinasfm.com\/noticias\/wp-json\/wp\/v2\/posts"}],"about":[{"href":"https:\/\/vinasfm.com\/noticias\/wp-json\/wp\/v2\/types\/post"}],"author":[{"embeddable":true,"href":"https:\/\/vinasfm.com\/noticias\/wp-json\/wp\/v2\/users\/7"}],"replies":[{"embeddable":true,"href":"https:\/\/vinasfm.com\/noticias\/wp-json\/wp\/v2\/comments?post=164344"}],"version-history":[{"count":1,"href":"https:\/\/vinasfm.com\/noticias\/wp-json\/wp\/v2\/posts\/164344\/revisions"}],"predecessor-version":[{"id":164346,"href":"https:\/\/vinasfm.com\/noticias\/wp-json\/wp\/v2\/posts\/164344\/revisions\/164346"}],"wp:featuredmedia":[{"embeddable":true,"href":"https:\/\/vinasfm.com\/noticias\/wp-json\/wp\/v2\/media\/164345"}],"wp:attachment":[{"href":"https:\/\/vinasfm.com\/noticias\/wp-json\/wp\/v2\/media?parent=164344"}],"wp:term":[{"taxonomy":"category","embeddable":true,"href":"https:\/\/vinasfm.com\/noticias\/wp-json\/wp\/v2\/categories?post=164344"},{"taxonomy":"post_tag","embeddable":true,"href":"https:\/\/vinasfm.com\/noticias\/wp-json\/wp\/v2\/tags?post=164344"}],"curies":[{"name":"wp","href":"https:\/\/api.w.org\/{rel}","templated":true}]}}