{"id":164329,"date":"2026-09-01T10:24:06","date_gmt":"2026-09-01T13:24:06","guid":{"rendered":"https:\/\/vinasfm.com\/noticias\/?p=164329"},"modified":"2026-09-01T10:24:06","modified_gmt":"2026-09-01T13:24:06","slug":"educacion-comenzo-el-curso-de-reparacion-de-celulares","status":"publish","type":"post","link":"https:\/\/vinasfm.com\/noticias\/educacion-comenzo-el-curso-de-reparacion-de-celulares\/","title":{"rendered":"EDUCACI\u00d3N: COMENZ\u00d3 EL CURSO DE REPARACI\u00d3N DE CELULARES"},"content":{"rendered":"<h4><strong>Con una importante participaci\u00f3n de vecinos de General Alvear, los distritos y departamentos cercanos, comenz\u00f3 el curso de mantenimiento y reparaci\u00f3n de celulares, una capacitaci\u00f3n gratuita orientada a brindar herramientas concretas para la inserci\u00f3n laboral y el desarrollo de nuevos emprendimientos.<\/strong><\/h4>\n<p>La propuesta re\u00fane a personas que buscan ampliar sus conocimientos t\u00e9cnicos, complementar actividades que ya realizan o adquirir nuevas habilidades para generar ingresos en un rubro con creciente demanda.<\/p>\n<p><a href=\"https:\/\/vinasfm.com\/noticias\/wp-content\/uploads\/2026\/09\/IMG-20260901-WA0018.jpg\"><img loading=\"lazy\" decoding=\"async\" class=\"alignnone size-large wp-image-164335\" src=\"https:\/\/vinasfm.com\/noticias\/wp-content\/uploads\/2026\/09\/IMG-20260901-WA0018-1024x575.jpg\" alt=\"\" width=\"1024\" height=\"575\" srcset=\"https:\/\/vinasfm.com\/noticias\/wp-content\/uploads\/2026\/09\/IMG-20260901-WA0018-1024x575.jpg 1024w, https:\/\/vinasfm.com\/noticias\/wp-content\/uploads\/2026\/09\/IMG-20260901-WA0018-300x168.jpg 300w, https:\/\/vinasfm.com\/noticias\/wp-content\/uploads\/2026\/09\/IMG-20260901-WA0018-768x431.jpg 768w, https:\/\/vinasfm.com\/noticias\/wp-content\/uploads\/2026\/09\/IMG-20260901-WA0018-1536x862.jpg 1536w, https:\/\/vinasfm.com\/noticias\/wp-content\/uploads\/2026\/09\/IMG-20260901-WA0018-750x420.jpg 750w, https:\/\/vinasfm.com\/noticias\/wp-content\/uploads\/2026\/09\/IMG-20260901-WA0018-1140x641.jpg 1140w, https:\/\/vinasfm.com\/noticias\/wp-content\/uploads\/2026\/09\/IMG-20260901-WA0018.jpg 1600w\" sizes=\"auto, (max-width: 1024px) 100vw, 1024px\" \/><\/a><\/p>\n<p>El director de Educaci\u00f3n, Jos\u00e9 Mor\u00e1n, destac\u00f3 el valor de estas iniciativas para fortalecer las oportunidades de empleo en el departamento.<em><strong> \u201cHoy arrancamos una nueva capacitaci\u00f3n con una r\u00e1pida salida laboral, como es mantenimiento y reparaci\u00f3n de celulares. Es una oportunidad m\u00e1s que les brindamos a los alvearenses para capacitarse y generar nuevos ingresos\u201d<\/strong><\/em>, expres\u00f3.<\/p>\n<p><a href=\"https:\/\/vinasfm.com\/noticias\/wp-content\/uploads\/2026\/09\/IMG-20260901-WA0023.jpg\"><img loading=\"lazy\" decoding=\"async\" class=\"alignnone size-large wp-image-164333\" src=\"https:\/\/vinasfm.com\/noticias\/wp-content\/uploads\/2026\/09\/IMG-20260901-WA0023-1024x575.jpg\" alt=\"\" width=\"1024\" height=\"575\" srcset=\"https:\/\/vinasfm.com\/noticias\/wp-content\/uploads\/2026\/09\/IMG-20260901-WA0023-1024x575.jpg 1024w, https:\/\/vinasfm.com\/noticias\/wp-content\/uploads\/2026\/09\/IMG-20260901-WA0023-300x168.jpg 300w, https:\/\/vinasfm.com\/noticias\/wp-content\/uploads\/2026\/09\/IMG-20260901-WA0023-768x431.jpg 768w, https:\/\/vinasfm.com\/noticias\/wp-content\/uploads\/2026\/09\/IMG-20260901-WA0023-1536x862.jpg 1536w, https:\/\/vinasfm.com\/noticias\/wp-content\/uploads\/2026\/09\/IMG-20260901-WA0023-750x420.jpg 750w, https:\/\/vinasfm.com\/noticias\/wp-content\/uploads\/2026\/09\/IMG-20260901-WA0023-1140x641.jpg 1140w, https:\/\/vinasfm.com\/noticias\/wp-content\/uploads\/2026\/09\/IMG-20260901-WA0023.jpg 1600w\" sizes=\"auto, (max-width: 1024px) 100vw, 1024px\" \/><\/a><\/p>\n<p>Adem\u00e1s, resalt\u00f3 la respuesta y el alcance de la convocatoria. <em><strong>\u201cNos llena de orgullo que el aula est\u00e9 completa y que nos sigan eligiendo. Tenemos participantes de los distritos y tambi\u00e9n de otros departamentos, lo que demuestra el inter\u00e9s que genera esta propuesta\u201d<\/strong><\/em>.<\/p>\n<p><a href=\"https:\/\/vinasfm.com\/noticias\/wp-content\/uploads\/2026\/09\/IMG-20260901-WA0021.jpg\"><img loading=\"lazy\" decoding=\"async\" class=\"alignnone size-large wp-image-164331\" src=\"https:\/\/vinasfm.com\/noticias\/wp-content\/uploads\/2026\/09\/IMG-20260901-WA0021-1024x575.jpg\" alt=\"\" width=\"1024\" height=\"575\" srcset=\"https:\/\/vinasfm.com\/noticias\/wp-content\/uploads\/2026\/09\/IMG-20260901-WA0021-1024x575.jpg 1024w, https:\/\/vinasfm.com\/noticias\/wp-content\/uploads\/2026\/09\/IMG-20260901-WA0021-300x168.jpg 300w, https:\/\/vinasfm.com\/noticias\/wp-content\/uploads\/2026\/09\/IMG-20260901-WA0021-768x431.jpg 768w, https:\/\/vinasfm.com\/noticias\/wp-content\/uploads\/2026\/09\/IMG-20260901-WA0021-1536x862.jpg 1536w, https:\/\/vinasfm.com\/noticias\/wp-content\/uploads\/2026\/09\/IMG-20260901-WA0021-750x420.jpg 750w, https:\/\/vinasfm.com\/noticias\/wp-content\/uploads\/2026\/09\/IMG-20260901-WA0021-1140x641.jpg 1140w, https:\/\/vinasfm.com\/noticias\/wp-content\/uploads\/2026\/09\/IMG-20260901-WA0021.jpg 1600w\" sizes=\"auto, (max-width: 1024px) 100vw, 1024px\" \/><\/a><\/p>\n<p>Durante las pr\u00f3ximas semanas, los asistentes recibir\u00e1n formaci\u00f3n te\u00f3rica y pr\u00e1ctica vinculada al diagn\u00f3stico, mantenimiento y reparaci\u00f3n de dispositivos m\u00f3viles, incorporando conocimientos que les permitan desempe\u00f1arse en una actividad con amplias posibilidades de desarrollo laboral.<\/p>\n","protected":false},"excerpt":{"rendered":"<p>Con una importante participaci\u00f3n de vecinos de General Alvear, los distritos y departamentos cercanos, comenz\u00f3 el curso de mantenimiento y reparaci\u00f3n &#8230;<\/p>\n","protected":false},"author":7,"featured_media":164332,"comment_status":"open","ping_status":"open","sticky":false,"template":"","format":"standard","meta":{"footnotes":""},"categories":[1],"tags":[],"class_list":["post-164329","post","type-post","status-publish","format-standard","has-post-thumbnail","hentry","category-fmvinas"],"_links":{"self":[{"href":"https:\/\/vinasfm.com\/noticias\/wp-json\/wp\/v2\/posts\/164329","targetHints":{"allow":["GET"]}}],"collection":[{"href":"https:\/\/vinasfm.com\/noticias\/wp-json\/wp\/v2\/posts"}],"about":[{"href":"https:\/\/vinasfm.com\/noticias\/wp-json\/wp\/v2\/types\/post"}],"author":[{"embeddable":true,"href":"https:\/\/vinasfm.com\/noticias\/wp-json\/wp\/v2\/users\/7"}],"replies":[{"embeddable":true,"href":"https:\/\/vinasfm.com\/noticias\/wp-json\/wp\/v2\/comments?post=164329"}],"version-history":[{"count":2,"href":"https:\/\/vinasfm.com\/noticias\/wp-json\/wp\/v2\/posts\/164329\/revisions"}],"predecessor-version":[{"id":164340,"href":"https:\/\/vinasfm.com\/noticias\/wp-json\/wp\/v2\/posts\/164329\/revisions\/164340"}],"wp:featuredmedia":[{"embeddable":true,"href":"https:\/\/vinasfm.com\/noticias\/wp-json\/wp\/v2\/media\/164332"}],"wp:attachment":[{"href":"https:\/\/vinasfm.com\/noticias\/wp-json\/wp\/v2\/media?parent=164329"}],"wp:term":[{"taxonomy":"category","embeddable":true,"href":"https:\/\/vinasfm.com\/noticias\/wp-json\/wp\/v2\/categories?post=164329"},{"taxonomy":"post_tag","embeddable":true,"href":"https:\/\/vinasfm.com\/noticias\/wp-json\/wp\/v2\/tags?post=164329"}],"curies":[{"name":"wp","href":"https:\/\/api.w.org\/{rel}","templated":true}]}}