{"id":164321,"date":"2026-09-01T09:52:20","date_gmt":"2026-09-01T12:52:20","guid":{"rendered":"https:\/\/vinasfm.com\/noticias\/?p=164321"},"modified":"2026-09-01T10:00:54","modified_gmt":"2026-09-01T13:00:54","slug":"viviana-giaccaria-es-la-nueva-directora-de-cultura","status":"publish","type":"post","link":"https:\/\/vinasfm.com\/noticias\/viviana-giaccaria-es-la-nueva-directora-de-cultura\/","title":{"rendered":"VIVIANA GIACCARIA ES LA NUEVA DIRECTORA DE CULTURA"},"content":{"rendered":"<p>El intendente Alejandro Molero present\u00f3 este martes a Viviana Giaccaria como nueva directora de Cultura de la Municipalidad de General Alvear, luego de la decisi\u00f3n de Mar\u00eda Delia Achetoni de dejar el cargo por motivos personales y retomar su actividad profesional.<\/p>\n<p>Durante una conferencia de prensa, Molero explic\u00f3 que la presentaci\u00f3n formal tuvo como objetivo comunicar a la comunidad el cambio producido en el gabinete municipal y destac\u00f3 especialmente el trabajo realizado por Achetoni durante los casi tres a\u00f1os de gesti\u00f3n.<\/p>\n<p>\u201cMar\u00eda Delia ha sido para nosotros una pieza fundamental en estos casi tres a\u00f1os de gesti\u00f3n. Le ha dado a General Alvear, en el \u00e1rea de Cultura, una vuelta de rosca que para nosotros ha sido importante\u201d, se\u00f1al\u00f3 el intendente, quien agradeci\u00f3 su entrega, vocaci\u00f3n de servicio y trabajo conjunto.<\/p>\n<p>Molero sostuvo que el cambio abre una nueva etapa para el \u00e1rea y puso en valor la trayectoria de Giaccaria, vinculada a la actividad cultural desde los primeros a\u00f1os del regreso de la democracia.<\/p>\n<p>\u201cEsta etapa nos da la posibilidad de un refresco en la gesti\u00f3n, en esta \u00e1rea en particular. Qu\u00e9 mejor que esta \u00e1rea pase a estar hoy conducida por Viviana\u201d, manifest\u00f3.<\/p>\n<p>El jefe comunal se\u00f1al\u00f3 que la nueva directora tendr\u00e1 entre sus principales desaf\u00edos fortalecer el v\u00ednculo con los hacedores culturales, acompa\u00f1ar las distintas expresiones art\u00edsticas y acercar las propuestas a los barrios y diferentes sectores del departamento.<\/p>\n<p>Giaccaria agradeci\u00f3 la convocatoria de Molero y asumi\u00f3 la responsabilidad con el objetivo de dar continuidad al trabajo desarrollado. \u201cEs un honor poder acceder a este espacio. Queda la vara muy alta. Poner todo lo mejor de m\u00ed, como lo he hecho siempre, para seguir sembrando cultura y seguir por esta huella de crecimiento cultural\u201d, expres\u00f3.<\/p>\n<p>La nueva funcionaria tambi\u00e9n destac\u00f3 la necesidad de que General Alvear contin\u00fae desarrollando sus distintas expresiones culturales y valorando el talento local. \u201cQue se respire cultura en todo nuestro departamento y la valoraci\u00f3n absoluta de todos los talentos art\u00edsticos que tenemos\u201d, afirm\u00f3.<\/p>\n<p>Achetoni, por su parte, realiz\u00f3 un balance positivo de los dos a\u00f1os y medio al frente del \u00e1rea, per\u00edodo en el que se desarrollaron m\u00e1s de 30 programas y propuestas.<\/p>\n<p>\u201cMe voy feliz y tranquila de lo que hice, y lo hice de la mano de un equipo de trabajo y, primero y principal, de la mano del intendente que me dio toda la libertad para trabajar\u201d, sostuvo.<\/p>\n<p>La exdirectora explic\u00f3 que continuar\u00e1 vinculada a la cultura desde la docencia y manifest\u00f3 su acompa\u00f1amiento a quien asumi\u00f3 la conducci\u00f3n del \u00e1rea. \u201cVoy a seguir trabajando por la cultura, porque es mi pasi\u00f3n, es mi profesi\u00f3n y es lo que m\u00e1s amo\u201d, afirm\u00f3.<\/p>\n","protected":false},"excerpt":{"rendered":"<p>El intendente Alejandro Molero present\u00f3 este martes a Viviana Giaccaria como nueva directora de Cultura de la Municipalidad de General Alvear, &#8230;<\/p>\n","protected":false},"author":7,"featured_media":164325,"comment_status":"open","ping_status":"open","sticky":false,"template":"","format":"standard","meta":{"footnotes":""},"categories":[1],"tags":[],"class_list":["post-164321","post","type-post","status-publish","format-standard","has-post-thumbnail","hentry","category-fmvinas"],"_links":{"self":[{"href":"https:\/\/vinasfm.com\/noticias\/wp-json\/wp\/v2\/posts\/164321","targetHints":{"allow":["GET"]}}],"collection":[{"href":"https:\/\/vinasfm.com\/noticias\/wp-json\/wp\/v2\/posts"}],"about":[{"href":"https:\/\/vinasfm.com\/noticias\/wp-json\/wp\/v2\/types\/post"}],"author":[{"embeddable":true,"href":"https:\/\/vinasfm.com\/noticias\/wp-json\/wp\/v2\/users\/7"}],"replies":[{"embeddable":true,"href":"https:\/\/vinasfm.com\/noticias\/wp-json\/wp\/v2\/comments?post=164321"}],"version-history":[{"count":3,"href":"https:\/\/vinasfm.com\/noticias\/wp-json\/wp\/v2\/posts\/164321\/revisions"}],"predecessor-version":[{"id":164326,"href":"https:\/\/vinasfm.com\/noticias\/wp-json\/wp\/v2\/posts\/164321\/revisions\/164326"}],"wp:featuredmedia":[{"embeddable":true,"href":"https:\/\/vinasfm.com\/noticias\/wp-json\/wp\/v2\/media\/164325"}],"wp:attachment":[{"href":"https:\/\/vinasfm.com\/noticias\/wp-json\/wp\/v2\/media?parent=164321"}],"wp:term":[{"taxonomy":"category","embeddable":true,"href":"https:\/\/vinasfm.com\/noticias\/wp-json\/wp\/v2\/categories?post=164321"},{"taxonomy":"post_tag","embeddable":true,"href":"https:\/\/vinasfm.com\/noticias\/wp-json\/wp\/v2\/tags?post=164321"}],"curies":[{"name":"wp","href":"https:\/\/api.w.org\/{rel}","templated":true}]}}