{"id":164315,"date":"2026-09-01T09:21:48","date_gmt":"2026-09-01T12:21:48","guid":{"rendered":"https:\/\/vinasfm.com\/noticias\/?p=164315"},"modified":"2026-09-01T09:21:48","modified_gmt":"2026-09-01T12:21:48","slug":"linea-de-alta-tension-entre-san-rafael-y-alvear-incluira-la-estacion-transformadora-en-el-parque-industrial","status":"publish","type":"post","link":"https:\/\/vinasfm.com\/noticias\/linea-de-alta-tension-entre-san-rafael-y-alvear-incluira-la-estacion-transformadora-en-el-parque-industrial\/","title":{"rendered":"L\u00cdNEA DE ALTA TENSI\u00d3N ENTRE SAN RAFAEL Y ALVEAR: \u00bfINCLUIR\u00c1 LA ESTACI\u00d3N TRANSFORMADORA EN EL PARQUE INDUSTRIAL?"},"content":{"rendered":"<h4 class=\"wp-block-paragraph\"><strong>El futuro de la Estaci\u00f3n Transformadora del Parque Industrial de San Rafael qued\u00f3 en el centro de un planteo legislativo que busca precisiones sobre la ejecuci\u00f3n del proyecto de alta tensi\u00f3n que conectar\u00e1 San Rafael con General Alvear.<\/strong><\/h4>\n<p class=\"wp-block-paragraph\">La principal inquietud es concreta: si la nueva l\u00ednea de 132 kV avanzar\u00e1 conjuntamente con la construcci\u00f3n de la Estaci\u00f3n Transformadora del Parque Industrial o si existe la posibilidad de que esta \u00faltima se postergue para una segunda etapa.<\/p>\n<p class=\"wp-block-paragraph\">El interrogante cobra relevancia porque la estaci\u00f3n no aparece como una obra secundaria dentro del proyecto original.<\/p>\n<p class=\"wp-block-paragraph\">La ampliaci\u00f3n presentada ante el Ente Nacional Regulador de la Electricidad (ENRE) contempla la apertura de la l\u00ednea Nihuil IV\u2013San Rafael, la construcci\u00f3n de la nueva Estaci\u00f3n Transformadora Parque Industrial San Rafael, una vinculaci\u00f3n de aproximadamente 14 kil\u00f3metros y, desde all\u00ed, la nueva l\u00ednea de casi 80 kil\u00f3metros hacia General Alvear.<\/p>\n<p class=\"wp-block-paragraph\">De esta manera, la estaci\u00f3n est\u00e1 proyectada como un nodo estrat\u00e9gico del sistema, no solo para concretar el cierre del anillo el\u00e9ctrico del sur mendocino, sino tambi\u00e9n para abastecer la futura demanda energ\u00e9tica del Parque Industrial de San Rafael y descomprimir la actual estaci\u00f3n transformadora del departamento.<\/p>\n<h4 class=\"wp-block-heading\"><strong>QUIEREN CERTEZAS SOBRE LOS PLAZOS<\/strong><\/h4>\n<p class=\"wp-block-paragraph\">El proyecto presentado en el Senado solicita al Gobierno Provincial que informe expresamente si la construcci\u00f3n de la Estaci\u00f3n Transformadora est\u00e1 comprometida como una etapa inseparable de la obra o si existe alguna decisi\u00f3n administrativa que permita ejecutarla despu\u00e9s de la l\u00ednea hacia General Alvear.<\/p>\n<p class=\"wp-block-paragraph\">Tambi\u00e9n reclama un cronograma concreto de inicio y finalizaci\u00f3n y que se determine si ambas infraestructuras se ejecutar\u00e1n simult\u00e1neamente.<\/p>\n<p class=\"wp-block-paragraph\">En paralelo, Mendoza inici\u00f3 recientemente gestiones de financiamiento internacional para diferentes proyectos de infraestructura el\u00e9ctrica, entre los que se encuentra la Estaci\u00f3n Transformadora del Parque Industrial de San Rafael. Este proceso suma un nuevo elemento al escenario, aunque el planteo legislativo apunta principalmente a conocer c\u00f3mo y cu\u00e1ndo se ejecutar\u00e1 la estaci\u00f3n dentro del proyecto integral del anillo el\u00e9ctrico.<\/p>\n<p class=\"wp-block-paragraph\">Adem\u00e1s, se requieren precisiones sobre la situaci\u00f3n del terreno destinado a la estaci\u00f3n en Cuadro Nacional, eventuales licitaciones, contratos y tr\u00e1mites pendientes ante organismos nacionales.<\/p>\n<p class=\"wp-block-paragraph\">La discusi\u00f3n pasa as\u00ed por determinar si el proyecto avanzar\u00e1 tal como fue concebido originalmente: con la l\u00ednea de alta tensi\u00f3n y la Estaci\u00f3n Transformadora del Parque Industrial como partes de una misma obra, o si San Rafael deber\u00e1 esperar una etapa posterior para contar con una infraestructura considerada clave para su desarrollo industrial.<\/p>\n<h6><span style=\"color: #ff0000;\">Fuente: Diario San Rafael<\/span><\/h6>\n<div id=\"dsr-3579212114\" class=\"gas_fallback-ad_541244--placement_541248 dsr-target\" data-dsr-trackid=\"541244\" data-dsr-trackbid=\"1\"><\/div>\n","protected":false},"excerpt":{"rendered":"<p>El futuro de la Estaci\u00f3n Transformadora del Parque Industrial de San Rafael qued\u00f3 en el centro de un planteo legislativo que &#8230;<\/p>\n","protected":false},"author":7,"featured_media":164316,"comment_status":"open","ping_status":"open","sticky":false,"template":"","format":"standard","meta":{"footnotes":""},"categories":[1],"tags":[],"class_list":["post-164315","post","type-post","status-publish","format-standard","has-post-thumbnail","hentry","category-fmvinas"],"_links":{"self":[{"href":"https:\/\/vinasfm.com\/noticias\/wp-json\/wp\/v2\/posts\/164315","targetHints":{"allow":["GET"]}}],"collection":[{"href":"https:\/\/vinasfm.com\/noticias\/wp-json\/wp\/v2\/posts"}],"about":[{"href":"https:\/\/vinasfm.com\/noticias\/wp-json\/wp\/v2\/types\/post"}],"author":[{"embeddable":true,"href":"https:\/\/vinasfm.com\/noticias\/wp-json\/wp\/v2\/users\/7"}],"replies":[{"embeddable":true,"href":"https:\/\/vinasfm.com\/noticias\/wp-json\/wp\/v2\/comments?post=164315"}],"version-history":[{"count":1,"href":"https:\/\/vinasfm.com\/noticias\/wp-json\/wp\/v2\/posts\/164315\/revisions"}],"predecessor-version":[{"id":164317,"href":"https:\/\/vinasfm.com\/noticias\/wp-json\/wp\/v2\/posts\/164315\/revisions\/164317"}],"wp:featuredmedia":[{"embeddable":true,"href":"https:\/\/vinasfm.com\/noticias\/wp-json\/wp\/v2\/media\/164316"}],"wp:attachment":[{"href":"https:\/\/vinasfm.com\/noticias\/wp-json\/wp\/v2\/media?parent=164315"}],"wp:term":[{"taxonomy":"category","embeddable":true,"href":"https:\/\/vinasfm.com\/noticias\/wp-json\/wp\/v2\/categories?post=164315"},{"taxonomy":"post_tag","embeddable":true,"href":"https:\/\/vinasfm.com\/noticias\/wp-json\/wp\/v2\/tags?post=164315"}],"curies":[{"name":"wp","href":"https:\/\/api.w.org\/{rel}","templated":true}]}}