{"id":164312,"date":"2026-09-01T09:00:25","date_gmt":"2026-09-01T12:00:25","guid":{"rendered":"https:\/\/vinasfm.com\/noticias\/?p=164312"},"modified":"2026-09-01T09:00:25","modified_gmt":"2026-09-01T12:00:25","slug":"acuerdos-por-el-fondo-compensador-y-el-debate-por-la-lucha-antigranizo-lombardi-dilucido-la-postura-de-la-provincia","status":"publish","type":"post","link":"https:\/\/vinasfm.com\/noticias\/acuerdos-por-el-fondo-compensador-y-el-debate-por-la-lucha-antigranizo-lombardi-dilucido-la-postura-de-la-provincia\/","title":{"rendered":"ACUERDOS POR EL FONDO COMPENSADOR Y EL DEBATE POR LA LUCHA ANTIGRANIZO: LOMBARDI DILUCID\u00d3 LA POSTURA DE LA PROVINCIA"},"content":{"rendered":"<h4><strong>El esquema de contenci\u00f3n frente a las contingencias clim\u00e1ticas en el sector productivo mendocino sum\u00f3 un nuevo cap\u00edtulo de negociaciones en el sur provincial.<\/strong><\/h4>\n<p>Representantes del Poder Ejecutivo y del Poder Legislativo mantuvieron un encuentro de trabajo con directivos de las C\u00e1maras de Comercio de San Rafael y General Alvear, junto a autoridades municipales, para destrabar el alcance del Fondo Compensador Agr\u00edcola.<\/p>\n<p>El foco de la reuni\u00f3n estuvo centrado en la situaci\u00f3n de los productores catalogados como \u00abrecurrentes\u00bb en la percepci\u00f3n del seguro. Sin embargo, la discusi\u00f3n deriv\u00f3 de manera inevitable en la viabilidad de la mitigaci\u00f3n con aviones, el impacto comparativo entre las heladas y el granizo, y el uso de los fondos p\u00fablicos frente al cambio clim\u00e1tico.<\/p>\n<p>Andr\u00e9s \u00abPeti\u00bb Lombardi (UCR), presidente de la C\u00e1mara de Diputados de Mendoza, y vocero del encuentro, detall\u00f3 los compromisos asumidos para revisar el padr\u00f3n de fincas, fundament\u00f3 la decisi\u00f3n provincial de priorizar la ayuda financiera directa e insisti\u00f3 en reorientar las herramientas de protecci\u00f3n hacia el riesgo por bajas temperaturas.<\/p>\n<p class=\"has-medium-font-size wp-block-paragraph\"><strong>Flexibilizaci\u00f3n para productores recurrentes: Inspecciones conjuntas y evaluaci\u00f3n de fincas<\/strong><\/p>\n<p class=\"wp-block-paragraph\">La reglamentaci\u00f3n del Fondo Compensador Agr\u00edcola vigente desde 2018 establece que aquellos agricultores que hayan cobrado la asistencia en tres de las \u00faltimas cinco temporadas quedan excluidos por recurrencia de siniestros. Frente al malestar generado en las entidades productivas del sur, las partes acordaron una pr\u00f3rroga de adhesi\u00f3n sujeta a un proceso de verificaci\u00f3n sobre el terreno para constatar la capacidad productiva de cada propiedad y evitar distorsiones en el uso de los recursos estatales.\u00a0<strong>\u00abHace una semana tuvimos una reuni\u00f3n con representantes de las C\u00e1maras de Comercio de San Rafael y Alvear, y con el intendente de Alvear. Fue una reuni\u00f3n muy positiva donde conversamos sobre la aplicaci\u00f3n del Fondo Compensador Agr\u00edcola, que es una estrategia para mitigar los da\u00f1os de las contingencias donde la provincia viene poniendo cada vez m\u00e1s recursos para acompa\u00f1ar directamente al productor\u00bb<\/strong>, dijo\u00a0<strong>Andr\u00e9s \u00abPeti\u00bb Lombardi<\/strong>\u00a0al inicio del reportaje.<\/p>\n<p class=\"wp-block-paragraph\">\u00abAvanzamos sobre el tema que m\u00e1s preocupaba: los productores con da\u00f1os recurrentes.\u00a0<strong>Si bien el decreto reglamentario de 2018 establece que quienes cobraron la asistencia en tres de las \u00faltimas cinco temporadas quedan excluidos, firmamos un compromiso con el municipio y las c\u00e1maras para revisar cada caso. Se les permitir\u00e1 adherirse al fondo compensador y, durante el pr\u00f3ximo mes, realizaremos inspecciones conjuntas para verificar si esas fincas est\u00e1n en condiciones reales de producir\u00bb<\/strong>, explic\u00f3.<\/p>\n<p class=\"wp-block-paragraph\">\u00abDetectamos que algunos productores recurrentes, adem\u00e1s de cobrar el fondo compensador, ten\u00edan despachos de vino o no hab\u00edan realizado las tareas necesarias en sus fincas.\u00a0<strong>Sin generalizar, queremos ver qui\u00e9nes tienen sus campos en condiciones e invierten para producir. De un universo de unos 20.000 adherentes, este grupo representa a menos de 500 casos, es decir, menos del 5%. Como este es dinero de los propios productores, la ayuda debe estar focalizada en quien realmente invierte\u00bb<\/strong>, remarc\u00f3.<\/p>\n<p class=\"has-medium-font-size wp-block-paragraph\"><strong>La pol\u00e9mica por la lucha antigranizo: eficiencia, datos estad\u00edsticos y autonom\u00eda municipal<\/strong><\/p>\n<p class=\"wp-block-paragraph\">El repliegue del financiamiento provincial para la mitigaci\u00f3n con aeronaves en los oasis productivos gener\u00f3 un contrapunto respecto de los datos de da\u00f1os acumulados.\u00a0<strong>Desde la Provincia sostienen que la evidencia estad\u00edstica de las \u00faltimas dos temporadas no demuestra una eficacia concluyente del sistema a\u00e9reo<\/strong>. Seg\u00fan esa misma postura, en el Oasis Norte y Este \u2014sin aviones\u2014 la afectaci\u00f3n por granizo se ubic\u00f3 por debajo del promedio de los \u00faltimos cinco a\u00f1os, en el Oasis Sur la superficie da\u00f1ada fue superior al promedio hist\u00f3rico a pesar de haber mantenido la operatividad de los vuelos mediante aportes municipales y contribuciones vecinales en la tarifa el\u00e9ctrica.\u00a0<strong>\u00abLa Provincia de Mendoza ha decidido invertir m\u00e1s en ayuda directa a los productores. Cuando la plata la ponemos en el Fondo Compensador Agr\u00edcola la recibe directamente el productor afectado, sin l\u00edmite de siniestros; se ponen m\u00e1s recursos y se entregan directo para que tenga financiamiento y realice las labores necesarias para levantar la producci\u00f3n al a\u00f1o siguiente\u00bb<\/strong>, destac\u00f3 Lombardi.<\/p>\n<p class=\"wp-block-paragraph\">\u00abEl tema de la mitigaci\u00f3n con aviones ha tenido mucho debate p\u00fablico y no hay una conclusi\u00f3n definitiva sobre su efectividad.<strong>\u00a0Cuando estudiamos los n\u00fameros de las \u00faltimas dos temporadas y los comparamos con el promedio de los \u00faltimos cinco a\u00f1os, en lugares como el Oasis Norte y Este, donde no se financi\u00f3 el sistema de aviones, el da\u00f1o provocado fue menor al promedio de los \u00faltimos cinco a\u00f1os. En cambio, en el Oasis Sur, que mantuvo la mitigaci\u00f3n con aviones, el da\u00f1o fue superior al promedio\u00bb<\/strong>, asegur\u00f3.<\/p>\n<p class=\"wp-block-paragraph\"><strong>\u00abNo vemos una evidencia concluyente en el tema.\u00a0<\/strong>No obstante, los municipios de San Rafael y Alvear que decidieron continuar con la mitigaci\u00f3n contaron con el apoyo de la Provincia, que aport\u00f3 los aviones e hizo un esfuerzo adicional.<strong>\u00a0Estamos convencidos de que esa inversi\u00f3n de alrededor de 4.000 millones de pesos que hacen los contribuyentes a trav\u00e9s de la factura el\u00e9ctrica o de los presupuestos municipales ser\u00eda m\u00e1s conveniente invertira en robustecer el Fondo Compensador. De todos modos, cada departamento tiene autonom\u00eda para resolver dentro de su econom\u00eda\u00bb<\/strong>, opin\u00f3.<\/p>\n<p class=\"wp-block-paragraph\"><strong>\u00abPara esta temporada hemos estado acompa\u00f1ando, prestando los aviones y ayudando con el sistema de radarizaci\u00f3n, que tiene un costo para brindar la informaci\u00f3n necesaria. En el resto de la provincia no hay cobertura con aviones y no hemos tenido grandes preocupaciones; con las mejoras en la radarizaci\u00f3n se puede informar con mayor eficiencia y rapidez la probabilidad de granizo para dar las recomendaciones necesarias\u00bb<\/strong>, a\u00f1adi\u00f3.<\/p>\n<p class=\"has-medium-font-size wp-block-paragraph\"><strong>Heladas versus granizo: la mutaci\u00f3n del riesgo clim\u00e1tico en la matriz agr\u00edcola<\/strong><\/p>\n<p class=\"wp-block-paragraph\">Un punto central de la argumentaci\u00f3n del gobierno provincial reside en el cambio de patr\u00f3n de las inclemencias meteorol\u00f3gicas durante las \u00faltimas d\u00e9cadas. Aunque la memoria colectiva del sur provincial asocia las tormentas severas con destrozos urbanos e infraestructura tur\u00edstica, la estad\u00edstica productiva actual indica que las bajas temperaturas tard\u00edas concentran la mayor parte de las p\u00e9rdidas econ\u00f3micas de los cultivos en la regi\u00f3n.\u00a0<strong>\u00abTenemos que dejar de prestar tanta atenci\u00f3n al da\u00f1o por granizo y pensar m\u00e1s en el da\u00f1o que est\u00e1n generando las heladas. Los da\u00f1os por helada son cada vez m\u00e1s recurrentes en las econom\u00edas mendocinas\u00bb<\/strong>, afirm\u00f3 el legislador.<\/p>\n<p class=\"wp-block-paragraph\"><strong>\u00abA\u00f1os anteriores el da\u00f1o del granizo era superior al de la helada, pero hoy el 75% de la producci\u00f3n afectada en San Rafael es por helada y el otro 25% es por granizo. E<\/strong>sa ecuaci\u00f3n ha cambiado con respecto a d\u00e9cadas anteriores. Entiendo que una tormenta de granizo es palpable porque uno ve el tama\u00f1o de la piedra, pero el da\u00f1o que genera la helada es muy superior\u00bb, asever\u00f3.<\/p>\n<p class=\"wp-block-paragraph\"><strong>\u00abEntiendo perfectamente la preocupaci\u00f3n de la ciudadan\u00eda y del sector tur\u00edstico, pero la postura de la Provincia ha sido clara. Preferimos fortalecer el Fondo Compensador Agr\u00edcola para llegar con ayuda directa al productor. Debemos enfocar los esfuerzos y los recursos en combatir las heladas, que hoy representan la inclemencia clim\u00e1tica que mayor perjuicio genera en el sistema productivo mendocino\u00bb<\/strong>, resalt\u00f3.<\/p>\n<p class=\"has-medium-font-size wp-block-paragraph\"><strong>Debate sobre la consulta popular y el rol de los municipios<\/strong><\/p>\n<p class=\"wp-block-paragraph\">En el tramo final del intercambio, la discusi\u00f3n se centr\u00f3 en la posibilidad de consultar directamente a la comunidad sanrafaelina sobre la continuidad del aporte que realizan en sus boletas de luz para sostener el sistema a\u00e9reo. Ante el planteo sobre la falta de tiempo para organizar una consulta ciudadana antes del inicio de la temporada de tormentas, Lombardi remarc\u00f3 la necesidad de definir si se sostendr\u00e1 el esquema en acuerdo con los municipios o si se comunicar\u00e1 una postura definitiva.\u00a0<strong>\u00abHist\u00f3ricamente el sistema de mitigaci\u00f3n ha comenzado en noviembre o, en algunos casos, en octubre, pero las tormentas de mayor envergadura suelen darse en los meses posteriores. Igualmente, es un tema sobre el cual debemos profundizar y evaluar c\u00f3mo ayudamos de forma directa al productor, porque hemos visto que pretender controlar una tormenta severa solo con aviones no evita el da\u00f1o en las fincas. Es un punto para conversar en los pr\u00f3ximos 15 o 20 d\u00edas y tomar una definici\u00f3n clara sobre los pasos a seguir\u00bb<\/strong>, sostuvo Andr\u00e9s Lombardi.<\/p>\n<p class=\"wp-block-paragraph\"><strong>\u00abHabr\u00eda que preguntarles a los vecinos de San Rafael si est\u00e1n dispuestos a seguir financiando el sistema de lucha antigranizo o si prefieren otra metodolog\u00eda para mitigar los da\u00f1os.\u00a0<\/strong>Quedan aspectos por resolver que van m\u00e1s all\u00e1 de si la Provincia aporta los aviones y la radarizaci\u00f3n.<strong>\u00a0Igualmente insisto; preocup\u00e9monos m\u00e1s por las heladas, porque hoy el da\u00f1o que est\u00e1n generando en la producci\u00f3n es significativamente mayor que el del granizo\u00bb<\/strong>, concluy\u00f3 el presidente de la C\u00e1mara de Diputados.<\/p>\n","protected":false},"excerpt":{"rendered":"<p>El esquema de contenci\u00f3n frente a las contingencias clim\u00e1ticas en el sector productivo mendocino sum\u00f3 un nuevo cap\u00edtulo de negociaciones en &#8230;<\/p>\n","protected":false},"author":7,"featured_media":164313,"comment_status":"open","ping_status":"open","sticky":false,"template":"","format":"standard","meta":{"footnotes":""},"categories":[1],"tags":[],"class_list":["post-164312","post","type-post","status-publish","format-standard","has-post-thumbnail","hentry","category-fmvinas"],"_links":{"self":[{"href":"https:\/\/vinasfm.com\/noticias\/wp-json\/wp\/v2\/posts\/164312","targetHints":{"allow":["GET"]}}],"collection":[{"href":"https:\/\/vinasfm.com\/noticias\/wp-json\/wp\/v2\/posts"}],"about":[{"href":"https:\/\/vinasfm.com\/noticias\/wp-json\/wp\/v2\/types\/post"}],"author":[{"embeddable":true,"href":"https:\/\/vinasfm.com\/noticias\/wp-json\/wp\/v2\/users\/7"}],"replies":[{"embeddable":true,"href":"https:\/\/vinasfm.com\/noticias\/wp-json\/wp\/v2\/comments?post=164312"}],"version-history":[{"count":1,"href":"https:\/\/vinasfm.com\/noticias\/wp-json\/wp\/v2\/posts\/164312\/revisions"}],"predecessor-version":[{"id":164314,"href":"https:\/\/vinasfm.com\/noticias\/wp-json\/wp\/v2\/posts\/164312\/revisions\/164314"}],"wp:featuredmedia":[{"embeddable":true,"href":"https:\/\/vinasfm.com\/noticias\/wp-json\/wp\/v2\/media\/164313"}],"wp:attachment":[{"href":"https:\/\/vinasfm.com\/noticias\/wp-json\/wp\/v2\/media?parent=164312"}],"wp:term":[{"taxonomy":"category","embeddable":true,"href":"https:\/\/vinasfm.com\/noticias\/wp-json\/wp\/v2\/categories?post=164312"},{"taxonomy":"post_tag","embeddable":true,"href":"https:\/\/vinasfm.com\/noticias\/wp-json\/wp\/v2\/tags?post=164312"}],"curies":[{"name":"wp","href":"https:\/\/api.w.org\/{rel}","templated":true}]}}