{"id":164309,"date":"2026-09-01T08:50:10","date_gmt":"2026-09-01T11:50:10","guid":{"rendered":"https:\/\/vinasfm.com\/noticias\/?p=164309"},"modified":"2026-09-01T09:27:35","modified_gmt":"2026-09-01T12:27:35","slug":"general-alvear-avanza-hacia-la-concrecion-de-un-polo-judicial-buscan-que-el-proyecto-ingrese-al-presupuesto","status":"publish","type":"post","link":"https:\/\/vinasfm.com\/noticias\/general-alvear-avanza-hacia-la-concrecion-de-un-polo-judicial-buscan-que-el-proyecto-ingrese-al-presupuesto\/","title":{"rendered":"GENERAL ALVEAR AVANZA HACIA LA CONCRECI\u00d3N DE UN POLO JUDICIAL: BUSCAN QUE EL PROYECTO INGRESE AL PRESUPUESTO"},"content":{"rendered":"<h4><strong>El proyecto para construir un Polo Judicial en General Alvear ser\u00e1 impulsado como una pol\u00edtica de Estado adelant\u00f3 el Senador Walther Marcolini en di\u00e1logo con FM VI\u00d1AS, ya que el terreno fue donado al Poder Judicial y tras la aprobaci\u00f3n de una nueva resoluci\u00f3n se buscar\u00e1 avanzar con la incorporaci\u00f3n de la obra al presupuesto provincial.<\/strong><\/h4>\n<p>La construcci\u00f3n de un <strong><span style=\"color: #333399;\">Polo Judicial<\/span><\/strong> en nuestro departamento <strong><span style=\"color: #333399;\">volvi\u00f3 a tomar impulso y se encamina<\/span><\/strong> a una nueva instancia institucional: &#8216;<em><strong>el Concejo Deliberante tiene previsto aprobar una resoluci\u00f3n durante la pr\u00f3xima sesi\u00f3n ordinaria, con el objetivo de avanzar posteriormente en gestiones ante las autoridades del Poder Judicial y del Ministerio P\u00fablico Fiscal&#8217;<\/strong><\/em>, detall\u00f3 Marcolini.<\/p>\n<p>El <strong><span style=\"color: #333399;\">proyecto es una demanda que lleva varios a\u00f1os<\/span><\/strong> en el departamento, uno de los antecedentes centrales se remonta a la gesti\u00f3n de Walther Marcolini como intendente cuando <strong><span style=\"color: #333399;\">el Municipio realiz\u00f3 la donaci\u00f3n de un terreno<\/span> <\/strong>destinado a la futura construcci\u00f3n del complejo judicial: &#8216;<em><strong>en aquella oportunidad el Concejo Deliberante sancion\u00f3 la Ordenanza N\u00b0 4.494 mediante la cual se formaliz\u00f3 la donaci\u00f3n del terreno al Poder Judicial&#8217;<\/strong><\/em>, posteriormente desde la Suprema Corte se solicit\u00f3 la sanci\u00f3n de una ley, requisito que finalmente tambi\u00e9n fue cumplimentado.<\/p>\n<p>Con las<strong><span style=\"color: #333399;\"> condiciones legales y administrativas encaminadas<\/span><\/strong>, ahora el objetivo es que el proyecto pueda avanzar en materia presupuestaria: <em><strong>&#8216;una vez aprobada la resoluci\u00f3n se prev\u00e9 mantener reuniones con el presidente de la Suprema Corte y con el jefe de los fiscales para gestionar la incorporaci\u00f3n de la obra al presupuesto&#8217;<\/strong><\/em>, aclar\u00f3.<\/p>\n<p>La propuesta apunta a <strong><span style=\"color: #333399;\">reunir en un mismo predio<\/span><\/strong> a distintas instituciones vinculadas al sistema judicial, el proyecto contempla la presencia del <strong><span style=\"color: #333399;\">Poder Judicial<\/span><\/strong>, <strong><span style=\"color: #333399;\">Ministerio P\u00fablico Fiscal<\/span><\/strong>, <strong><span style=\"color: #333399;\">Ministerio de la Defensa<\/span><\/strong> y una <strong><span style=\"color: #333399;\">alcald\u00eda<\/span><\/strong>.<\/p>\n<p>El proyecto original elaborado por el \u00e1rea de<strong><span style=\"color: #333399;\"> Arquitectura de la Suprema Corte<\/span><\/strong> contemplaba aproximadamente 4.000 metros cuadrados cubiertos. Sin embargo, se plante\u00f3 que las necesidades actuales podr\u00edan permitir una obra de menor dimensi\u00f3n, manteniendo los servicios esenciales.<\/p>\n<p>La iniciativa busca adem\u00e1s <strong><span style=\"color: #333399;\">dar respuesta a una problem\u00e1tica<\/span><\/strong> que afecta actualmente al funcionamiento de la Justicia en el departamento como lo es la utilizaci\u00f3n de numerosos inmuebles alquilados para albergar distintas dependencias.<\/p>\n<p>La expectativa es que <strong><span style=\"color: #333399;\">General Alvear<\/span><\/strong> pueda contar con una infraestructura similar a la que ya existe o se ampli\u00f3 en otros departamentos de la provincia.<\/p>\n<p>&nbsp;<\/p>\n","protected":false},"excerpt":{"rendered":"<p>El proyecto para construir un Polo Judicial en General Alvear ser\u00e1 impulsado como una pol\u00edtica de Estado adelant\u00f3 el Senador Walther &#8230;<\/p>\n","protected":false},"author":7,"featured_media":127088,"comment_status":"open","ping_status":"open","sticky":false,"template":"","format":"standard","meta":{"footnotes":""},"categories":[1],"tags":[],"class_list":["post-164309","post","type-post","status-publish","format-standard","has-post-thumbnail","hentry","category-fmvinas"],"_links":{"self":[{"href":"https:\/\/vinasfm.com\/noticias\/wp-json\/wp\/v2\/posts\/164309","targetHints":{"allow":["GET"]}}],"collection":[{"href":"https:\/\/vinasfm.com\/noticias\/wp-json\/wp\/v2\/posts"}],"about":[{"href":"https:\/\/vinasfm.com\/noticias\/wp-json\/wp\/v2\/types\/post"}],"author":[{"embeddable":true,"href":"https:\/\/vinasfm.com\/noticias\/wp-json\/wp\/v2\/users\/7"}],"replies":[{"embeddable":true,"href":"https:\/\/vinasfm.com\/noticias\/wp-json\/wp\/v2\/comments?post=164309"}],"version-history":[{"count":4,"href":"https:\/\/vinasfm.com\/noticias\/wp-json\/wp\/v2\/posts\/164309\/revisions"}],"predecessor-version":[{"id":164319,"href":"https:\/\/vinasfm.com\/noticias\/wp-json\/wp\/v2\/posts\/164309\/revisions\/164319"}],"wp:featuredmedia":[{"embeddable":true,"href":"https:\/\/vinasfm.com\/noticias\/wp-json\/wp\/v2\/media\/127088"}],"wp:attachment":[{"href":"https:\/\/vinasfm.com\/noticias\/wp-json\/wp\/v2\/media?parent=164309"}],"wp:term":[{"taxonomy":"category","embeddable":true,"href":"https:\/\/vinasfm.com\/noticias\/wp-json\/wp\/v2\/categories?post=164309"},{"taxonomy":"post_tag","embeddable":true,"href":"https:\/\/vinasfm.com\/noticias\/wp-json\/wp\/v2\/tags?post=164309"}],"curies":[{"name":"wp","href":"https:\/\/api.w.org\/{rel}","templated":true}]}}