{"id":164300,"date":"2026-08-31T11:15:09","date_gmt":"2026-08-31T14:15:09","guid":{"rendered":"https:\/\/vinasfm.com\/noticias\/?p=164300"},"modified":"2026-08-31T11:15:09","modified_gmt":"2026-08-31T14:15:09","slug":"liga-alvearense-de-futbol-13-anos-despues-el-sabalero-volvera-a-jugar-una-final","status":"publish","type":"post","link":"https:\/\/vinasfm.com\/noticias\/liga-alvearense-de-futbol-13-anos-despues-el-sabalero-volvera-a-jugar-una-final\/","title":{"rendered":"LIGA ALVEARENSE DE F\u00daTBOL: 13 A\u00d1OS DESPU\u00c9S EL SABALERO VOLVER\u00c1 A JUGAR UNA FINAL"},"content":{"rendered":"<h4><strong>El encuentro entre el Sabalero y Croto qued\u00f3 en empate por 1 a 1 pero la victoria del fin de semana pasado le permiti\u00f3 a Col\u00f3n meterse en la final del apertura 2026 que disputar\u00e1 frente a Ferro.<\/strong><\/h4>\n<div id=\"attachment_161554\" style=\"width: 683px\" class=\"wp-caption alignnone\"><a href=\"https:\/\/vinasfm.com\/noticias\/wp-content\/uploads\/2026\/06\/IMG-20260622-WA0067.jpg\"><img loading=\"lazy\" decoding=\"async\" aria-describedby=\"caption-attachment-161554\" class=\"size-large wp-image-161554\" src=\"https:\/\/vinasfm.com\/noticias\/wp-content\/uploads\/2026\/06\/IMG-20260622-WA0067-683x1024.jpg\" alt=\"Foto by Nicolas Lucero\" width=\"683\" height=\"1024\" srcset=\"https:\/\/vinasfm.com\/noticias\/wp-content\/uploads\/2026\/06\/IMG-20260622-WA0067-683x1024.jpg 683w, https:\/\/vinasfm.com\/noticias\/wp-content\/uploads\/2026\/06\/IMG-20260622-WA0067-200x300.jpg 200w, https:\/\/vinasfm.com\/noticias\/wp-content\/uploads\/2026\/06\/IMG-20260622-WA0067-768x1152.jpg 768w, https:\/\/vinasfm.com\/noticias\/wp-content\/uploads\/2026\/06\/IMG-20260622-WA0067-1024x1536.jpg 1024w, https:\/\/vinasfm.com\/noticias\/wp-content\/uploads\/2026\/06\/IMG-20260622-WA0067.jpg 1066w\" sizes=\"auto, (max-width: 683px) 100vw, 683px\" \/><\/a><p id=\"caption-attachment-161554\" class=\"wp-caption-text\">Foto by Nicolas Lucero<\/p><\/div>\n<p>Mientras que la semifinal entre Ferro y Real del Padre qued\u00f3 en manos del verde luego de golear por 6 a 0 en condici\u00f3n de local, el global finaliz\u00f3 7 a 0.<\/p>\n<div id=\"attachment_164303\" style=\"width: 576px\" class=\"wp-caption alignnone\"><a href=\"https:\/\/vinasfm.com\/noticias\/wp-content\/uploads\/2026\/08\/Ferro.jpg\"><img loading=\"lazy\" decoding=\"async\" aria-describedby=\"caption-attachment-164303\" class=\"size-large wp-image-164303\" src=\"https:\/\/vinasfm.com\/noticias\/wp-content\/uploads\/2026\/08\/Ferro-576x1024.jpg\" alt=\"Foto by Nicolas Lucero\" width=\"576\" height=\"1024\" srcset=\"https:\/\/vinasfm.com\/noticias\/wp-content\/uploads\/2026\/08\/Ferro-576x1024.jpg 576w, https:\/\/vinasfm.com\/noticias\/wp-content\/uploads\/2026\/08\/Ferro-169x300.jpg 169w, https:\/\/vinasfm.com\/noticias\/wp-content\/uploads\/2026\/08\/Ferro-768x1365.jpg 768w, https:\/\/vinasfm.com\/noticias\/wp-content\/uploads\/2026\/08\/Ferro-864x1536.jpg 864w, https:\/\/vinasfm.com\/noticias\/wp-content\/uploads\/2026\/08\/Ferro.jpg 1080w\" sizes=\"auto, (max-width: 576px) 100vw, 576px\" \/><\/a><p id=\"caption-attachment-164303\" class=\"wp-caption-text\">Foto by Nicolas Lucero<\/p><\/div>\n<p>Del mismo modo pero en la Primera B, Carmensa e Independiente La Marzolina se ver\u00e1n las caras tras ganar sus respectivos partidos, ahora van por la haza\u00f1a y conseguir el tan esperado ascenso.<\/p>\n<div id=\"attachment_155135\" style=\"width: 1024px\" class=\"wp-caption alignnone\"><a href=\"https:\/\/vinasfm.com\/noticias\/wp-content\/uploads\/2025\/11\/Carmensa.webp\"><img loading=\"lazy\" decoding=\"async\" aria-describedby=\"caption-attachment-155135\" class=\"size-large wp-image-155135\" src=\"https:\/\/vinasfm.com\/noticias\/wp-content\/uploads\/2025\/11\/Carmensa-1024x1024.webp\" alt=\"Foto by Nicolas Lucero\" width=\"1024\" height=\"1024\" srcset=\"https:\/\/vinasfm.com\/noticias\/wp-content\/uploads\/2025\/11\/Carmensa-1024x1024.webp 1024w, https:\/\/vinasfm.com\/noticias\/wp-content\/uploads\/2025\/11\/Carmensa-300x300.webp 300w, https:\/\/vinasfm.com\/noticias\/wp-content\/uploads\/2025\/11\/Carmensa-150x150.webp 150w, https:\/\/vinasfm.com\/noticias\/wp-content\/uploads\/2025\/11\/Carmensa-768x768.webp 768w, https:\/\/vinasfm.com\/noticias\/wp-content\/uploads\/2025\/11\/Carmensa-360x360.webp 360w, https:\/\/vinasfm.com\/noticias\/wp-content\/uploads\/2025\/11\/Carmensa-750x750.webp 750w, https:\/\/vinasfm.com\/noticias\/wp-content\/uploads\/2025\/11\/Carmensa.webp 1080w\" sizes=\"auto, (max-width: 1024px) 100vw, 1024px\" \/><\/a><p id=\"caption-attachment-155135\" class=\"wp-caption-text\">Foto by Nicolas Lucero<\/p><\/div>\n<p>&nbsp;<\/p>\n","protected":false},"excerpt":{"rendered":"<p>El encuentro entre el Sabalero y Croto qued\u00f3 en empate por 1 a 1 pero la victoria del fin de semana &#8230;<\/p>\n","protected":false},"author":7,"featured_media":164301,"comment_status":"open","ping_status":"open","sticky":false,"template":"","format":"standard","meta":{"footnotes":""},"categories":[1],"tags":[],"class_list":["post-164300","post","type-post","status-publish","format-standard","has-post-thumbnail","hentry","category-fmvinas"],"_links":{"self":[{"href":"https:\/\/vinasfm.com\/noticias\/wp-json\/wp\/v2\/posts\/164300","targetHints":{"allow":["GET"]}}],"collection":[{"href":"https:\/\/vinasfm.com\/noticias\/wp-json\/wp\/v2\/posts"}],"about":[{"href":"https:\/\/vinasfm.com\/noticias\/wp-json\/wp\/v2\/types\/post"}],"author":[{"embeddable":true,"href":"https:\/\/vinasfm.com\/noticias\/wp-json\/wp\/v2\/users\/7"}],"replies":[{"embeddable":true,"href":"https:\/\/vinasfm.com\/noticias\/wp-json\/wp\/v2\/comments?post=164300"}],"version-history":[{"count":2,"href":"https:\/\/vinasfm.com\/noticias\/wp-json\/wp\/v2\/posts\/164300\/revisions"}],"predecessor-version":[{"id":164304,"href":"https:\/\/vinasfm.com\/noticias\/wp-json\/wp\/v2\/posts\/164300\/revisions\/164304"}],"wp:featuredmedia":[{"embeddable":true,"href":"https:\/\/vinasfm.com\/noticias\/wp-json\/wp\/v2\/media\/164301"}],"wp:attachment":[{"href":"https:\/\/vinasfm.com\/noticias\/wp-json\/wp\/v2\/media?parent=164300"}],"wp:term":[{"taxonomy":"category","embeddable":true,"href":"https:\/\/vinasfm.com\/noticias\/wp-json\/wp\/v2\/categories?post=164300"},{"taxonomy":"post_tag","embeddable":true,"href":"https:\/\/vinasfm.com\/noticias\/wp-json\/wp\/v2\/tags?post=164300"}],"curies":[{"name":"wp","href":"https:\/\/api.w.org\/{rel}","templated":true}]}}