{"id":164280,"date":"2026-08-31T10:32:11","date_gmt":"2026-08-31T13:32:11","guid":{"rendered":"https:\/\/vinasfm.com\/noticias\/?p=164280"},"modified":"2026-08-31T10:32:11","modified_gmt":"2026-08-31T13:32:11","slug":"el-certamen-literario-jarilla-y-salitre-cerro-su-26o-edicion","status":"publish","type":"post","link":"https:\/\/vinasfm.com\/noticias\/el-certamen-literario-jarilla-y-salitre-cerro-su-26o-edicion\/","title":{"rendered":"EL CERT\u00c1MEN LITERARIO JARILLA Y SALITRE CERR\u00d3 SU 26\u00ba EDICI\u00d3N"},"content":{"rendered":"<h4><strong>La Sociedad Argentina de Escritores General Alvear (SADE), realiz\u00f3 el acto de cierre de la XXVI edici\u00f3n de Jarilla y Salitre, un certamen literario que volvi\u00f3 a convocar a escritores de distintos puntos del pa\u00eds y del exterior.<\/strong><\/h4>\n<p>La jornada incluy\u00f3 la entrega de premios a los ganadores de las categor\u00edas Cuento Corto y Poes\u00eda, tanto para adultos como para adolescentes, adem\u00e1s de reconocimientos a agentes sociales y culturales del departamento.<\/p>\n<p>La presidenta de SADE General Alvear, Sonia Torres, destac\u00f3 la amplia participaci\u00f3n alcanzada en esta edici\u00f3n: \u201chemos recibido producciones de distintos lugares del pa\u00eds e incluso de otros pa\u00edses como M\u00e9xico y Colombia. Estamos muy satisfechos con esta nueva edici\u00f3n\u201d.<\/p>\n<p>Seg\u00fan inform\u00f3, alrededor de 200 trabajos participaron del concurso, cuya tem\u00e1tica estuvo vinculada a la identidad regional y a los elementos que dan nombre al certamen.<\/p>\n<p>El encuentro permiti\u00f3 reconocer tanto a escritores como a referentes culturales y sociales que contribuyen al desarrollo de la comunidad, en una nueva edici\u00f3n de una propuesta que se ha consolidado como un espacio de promoci\u00f3n literaria y cultural en General Alvear.<\/p>\n","protected":false},"excerpt":{"rendered":"<p>La Sociedad Argentina de Escritores General Alvear (SADE), realiz\u00f3 el acto de cierre de la XXVI edici\u00f3n de Jarilla y Salitre, &#8230;<\/p>\n","protected":false},"author":7,"featured_media":164282,"comment_status":"open","ping_status":"open","sticky":false,"template":"","format":"standard","meta":{"footnotes":""},"categories":[1],"tags":[],"class_list":["post-164280","post","type-post","status-publish","format-standard","has-post-thumbnail","hentry","category-fmvinas"],"_links":{"self":[{"href":"https:\/\/vinasfm.com\/noticias\/wp-json\/wp\/v2\/posts\/164280","targetHints":{"allow":["GET"]}}],"collection":[{"href":"https:\/\/vinasfm.com\/noticias\/wp-json\/wp\/v2\/posts"}],"about":[{"href":"https:\/\/vinasfm.com\/noticias\/wp-json\/wp\/v2\/types\/post"}],"author":[{"embeddable":true,"href":"https:\/\/vinasfm.com\/noticias\/wp-json\/wp\/v2\/users\/7"}],"replies":[{"embeddable":true,"href":"https:\/\/vinasfm.com\/noticias\/wp-json\/wp\/v2\/comments?post=164280"}],"version-history":[{"count":2,"href":"https:\/\/vinasfm.com\/noticias\/wp-json\/wp\/v2\/posts\/164280\/revisions"}],"predecessor-version":[{"id":164297,"href":"https:\/\/vinasfm.com\/noticias\/wp-json\/wp\/v2\/posts\/164280\/revisions\/164297"}],"wp:featuredmedia":[{"embeddable":true,"href":"https:\/\/vinasfm.com\/noticias\/wp-json\/wp\/v2\/media\/164282"}],"wp:attachment":[{"href":"https:\/\/vinasfm.com\/noticias\/wp-json\/wp\/v2\/media?parent=164280"}],"wp:term":[{"taxonomy":"category","embeddable":true,"href":"https:\/\/vinasfm.com\/noticias\/wp-json\/wp\/v2\/categories?post=164280"},{"taxonomy":"post_tag","embeddable":true,"href":"https:\/\/vinasfm.com\/noticias\/wp-json\/wp\/v2\/tags?post=164280"}],"curies":[{"name":"wp","href":"https:\/\/api.w.org\/{rel}","templated":true}]}}