{"id":164274,"date":"2026-08-31T10:25:40","date_gmt":"2026-08-31T13:25:40","guid":{"rendered":"https:\/\/vinasfm.com\/noticias\/?p=164274"},"modified":"2026-08-31T10:25:40","modified_gmt":"2026-08-31T13:25:40","slug":"adultos-activos-y-alvear-baila-brillo-el-fin-de-semana-en-la-plaza-departamental","status":"publish","type":"post","link":"https:\/\/vinasfm.com\/noticias\/adultos-activos-y-alvear-baila-brillo-el-fin-de-semana-en-la-plaza-departamental\/","title":{"rendered":"ADULTOS ACTIVOS Y ALVEAR BAILA BRILL\u00d3 EL FIN DE SEMANA EN LA PLAZA DEPARTAMENTAL"},"content":{"rendered":"<h4><strong>La Plaza Departamental fue punto de encuentro para una nueva jornada de \u201cAdultos Activos\u201d y \u201cAlvear Baila\u201d, con una propuesta que combin\u00f3 actividad f\u00edsica, m\u00fasica y recreaci\u00f3n.<\/strong><\/h4>\n<p><a href=\"https:\/\/vinasfm.com\/noticias\/wp-content\/uploads\/2026\/08\/IMG-20260831-WA0070.jpg\"><img loading=\"lazy\" decoding=\"async\" class=\"alignnone size-large wp-image-164268\" src=\"https:\/\/vinasfm.com\/noticias\/wp-content\/uploads\/2026\/08\/IMG-20260831-WA0070-1024x682.jpg\" alt=\"\" width=\"1024\" height=\"682\" srcset=\"https:\/\/vinasfm.com\/noticias\/wp-content\/uploads\/2026\/08\/IMG-20260831-WA0070-1024x682.jpg 1024w, https:\/\/vinasfm.com\/noticias\/wp-content\/uploads\/2026\/08\/IMG-20260831-WA0070-300x200.jpg 300w, https:\/\/vinasfm.com\/noticias\/wp-content\/uploads\/2026\/08\/IMG-20260831-WA0070-768x512.jpg 768w, https:\/\/vinasfm.com\/noticias\/wp-content\/uploads\/2026\/08\/IMG-20260831-WA0070-1536x1023.jpg 1536w, https:\/\/vinasfm.com\/noticias\/wp-content\/uploads\/2026\/08\/IMG-20260831-WA0070.jpg 1600w\" sizes=\"auto, (max-width: 1024px) 100vw, 1024px\" \/><\/a><\/p>\n<p>Los adultos mayores disfrutaron de una tarde de movimiento y encuentro, con actividades pensadas especialmente para compartir y mantenerse activos.<\/p>\n<p><a href=\"https:\/\/vinasfm.com\/noticias\/wp-content\/uploads\/2026\/08\/IMG-20260831-WA0069.jpg\"><img loading=\"lazy\" decoding=\"async\" class=\"alignnone size-large wp-image-164273\" src=\"https:\/\/vinasfm.com\/noticias\/wp-content\/uploads\/2026\/08\/IMG-20260831-WA0069-1024x682.jpg\" alt=\"\" width=\"1024\" height=\"682\" srcset=\"https:\/\/vinasfm.com\/noticias\/wp-content\/uploads\/2026\/08\/IMG-20260831-WA0069-1024x682.jpg 1024w, https:\/\/vinasfm.com\/noticias\/wp-content\/uploads\/2026\/08\/IMG-20260831-WA0069-300x200.jpg 300w, https:\/\/vinasfm.com\/noticias\/wp-content\/uploads\/2026\/08\/IMG-20260831-WA0069-768x512.jpg 768w, https:\/\/vinasfm.com\/noticias\/wp-content\/uploads\/2026\/08\/IMG-20260831-WA0069-1536x1023.jpg 1536w, https:\/\/vinasfm.com\/noticias\/wp-content\/uploads\/2026\/08\/IMG-20260831-WA0069.jpg 1600w\" sizes=\"auto, (max-width: 1024px) 100vw, 1024px\" \/><\/a><\/p>\n<p>La iniciativa contin\u00faa generando espacios de participaci\u00f3n y bienestar, promoviendo una vida activa y el encuentro entre vecinos.<\/p>\n<p><a href=\"https:\/\/vinasfm.com\/noticias\/wp-content\/uploads\/2026\/08\/IMG-20260831-WA0065.jpg\"><img loading=\"lazy\" decoding=\"async\" class=\"alignnone size-large wp-image-164271\" src=\"https:\/\/vinasfm.com\/noticias\/wp-content\/uploads\/2026\/08\/IMG-20260831-WA0065-1024x682.jpg\" alt=\"\" width=\"1024\" height=\"682\" srcset=\"https:\/\/vinasfm.com\/noticias\/wp-content\/uploads\/2026\/08\/IMG-20260831-WA0065-1024x682.jpg 1024w, https:\/\/vinasfm.com\/noticias\/wp-content\/uploads\/2026\/08\/IMG-20260831-WA0065-300x200.jpg 300w, https:\/\/vinasfm.com\/noticias\/wp-content\/uploads\/2026\/08\/IMG-20260831-WA0065-768x512.jpg 768w, https:\/\/vinasfm.com\/noticias\/wp-content\/uploads\/2026\/08\/IMG-20260831-WA0065-1536x1023.jpg 1536w, https:\/\/vinasfm.com\/noticias\/wp-content\/uploads\/2026\/08\/IMG-20260831-WA0065.jpg 1600w\" sizes=\"auto, (max-width: 1024px) 100vw, 1024px\" \/><\/a><\/p>\n","protected":false},"excerpt":{"rendered":"<p>La Plaza Departamental fue punto de encuentro para una nueva jornada de \u201cAdultos Activos\u201d y \u201cAlvear Baila\u201d, con una propuesta que &#8230;<\/p>\n","protected":false},"author":7,"featured_media":164277,"comment_status":"open","ping_status":"open","sticky":false,"template":"","format":"standard","meta":{"footnotes":""},"categories":[1],"tags":[],"class_list":["post-164274","post","type-post","status-publish","format-standard","has-post-thumbnail","hentry","category-fmvinas"],"_links":{"self":[{"href":"https:\/\/vinasfm.com\/noticias\/wp-json\/wp\/v2\/posts\/164274","targetHints":{"allow":["GET"]}}],"collection":[{"href":"https:\/\/vinasfm.com\/noticias\/wp-json\/wp\/v2\/posts"}],"about":[{"href":"https:\/\/vinasfm.com\/noticias\/wp-json\/wp\/v2\/types\/post"}],"author":[{"embeddable":true,"href":"https:\/\/vinasfm.com\/noticias\/wp-json\/wp\/v2\/users\/7"}],"replies":[{"embeddable":true,"href":"https:\/\/vinasfm.com\/noticias\/wp-json\/wp\/v2\/comments?post=164274"}],"version-history":[{"count":2,"href":"https:\/\/vinasfm.com\/noticias\/wp-json\/wp\/v2\/posts\/164274\/revisions"}],"predecessor-version":[{"id":164295,"href":"https:\/\/vinasfm.com\/noticias\/wp-json\/wp\/v2\/posts\/164274\/revisions\/164295"}],"wp:featuredmedia":[{"embeddable":true,"href":"https:\/\/vinasfm.com\/noticias\/wp-json\/wp\/v2\/media\/164277"}],"wp:attachment":[{"href":"https:\/\/vinasfm.com\/noticias\/wp-json\/wp\/v2\/media?parent=164274"}],"wp:term":[{"taxonomy":"category","embeddable":true,"href":"https:\/\/vinasfm.com\/noticias\/wp-json\/wp\/v2\/categories?post=164274"},{"taxonomy":"post_tag","embeddable":true,"href":"https:\/\/vinasfm.com\/noticias\/wp-json\/wp\/v2\/tags?post=164274"}],"curies":[{"name":"wp","href":"https:\/\/api.w.org\/{rel}","templated":true}]}}