{"id":164266,"date":"2026-08-31T10:22:48","date_gmt":"2026-08-31T13:22:48","guid":{"rendered":"https:\/\/vinasfm.com\/noticias\/?p=164266"},"modified":"2026-08-31T10:22:48","modified_gmt":"2026-08-31T13:22:48","slug":"futbol-local-el-lobo-alvearense-arranco-con-el-pie-derecho-en-el-regional-amateur","status":"publish","type":"post","link":"https:\/\/vinasfm.com\/noticias\/futbol-local-el-lobo-alvearense-arranco-con-el-pie-derecho-en-el-regional-amateur\/","title":{"rendered":"F\u00daTBOL LOCAL: EL LOBO ALVEARENSE ARRANC\u00d3 CON EL PIE DERECHO EN EL REGIONAL AMATEUR"},"content":{"rendered":"<h4><strong>Con goles de Enzo Tejada y Diego M\u00e9ndez, Pac\u00edfico se impuso frente Quiroga por la primer fecha del Regional 2026.<\/strong><\/h4>\n<div id=\"attachment_164290\" style=\"width: 768px\" class=\"wp-caption alignnone\"><a href=\"https:\/\/vinasfm.com\/noticias\/wp-content\/uploads\/2026\/08\/Sport-Club-Pacifico-2026-1.jpg\"><img loading=\"lazy\" decoding=\"async\" aria-describedby=\"caption-attachment-164290\" class=\"wp-image-164290 size-large\" src=\"https:\/\/vinasfm.com\/noticias\/wp-content\/uploads\/2026\/08\/Sport-Club-Pacifico-2026-1-768x1024.jpg\" alt=\"Foto by Nicolas Lucero\" width=\"768\" height=\"1024\" srcset=\"https:\/\/vinasfm.com\/noticias\/wp-content\/uploads\/2026\/08\/Sport-Club-Pacifico-2026-1-768x1024.jpg 768w, https:\/\/vinasfm.com\/noticias\/wp-content\/uploads\/2026\/08\/Sport-Club-Pacifico-2026-1-225x300.jpg 225w, https:\/\/vinasfm.com\/noticias\/wp-content\/uploads\/2026\/08\/Sport-Club-Pacifico-2026-1-1152x1536.jpg 1152w, https:\/\/vinasfm.com\/noticias\/wp-content\/uploads\/2026\/08\/Sport-Club-Pacifico-2026-1.jpg 1366w\" sizes=\"auto, (max-width: 768px) 100vw, 768px\" \/><\/a><p id=\"caption-attachment-164290\" class=\"wp-caption-text\"><strong>Foto by Nicolas Lucero<\/strong><\/p><\/div>\n<p>Asimismo Deportivo Goudge y Hurac\u00e1n de San Rafael en un encuentro marcado por el bajo rendimiento en la tanda arbitral no se sacaron ventajas y empataron sin goles.<\/p>\n<div id=\"attachment_164291\" style=\"width: 1024px\" class=\"wp-caption alignnone\"><a href=\"https:\/\/vinasfm.com\/noticias\/wp-content\/uploads\/2026\/08\/Deportivo-Goudge.jpg\"><img loading=\"lazy\" decoding=\"async\" aria-describedby=\"caption-attachment-164291\" class=\"size-large wp-image-164291\" src=\"https:\/\/vinasfm.com\/noticias\/wp-content\/uploads\/2026\/08\/Deportivo-Goudge-1024x682.jpg\" alt=\"Foto by Prensa Goudge\" width=\"1024\" height=\"682\" srcset=\"https:\/\/vinasfm.com\/noticias\/wp-content\/uploads\/2026\/08\/Deportivo-Goudge-1024x682.jpg 1024w, https:\/\/vinasfm.com\/noticias\/wp-content\/uploads\/2026\/08\/Deportivo-Goudge-300x200.jpg 300w, https:\/\/vinasfm.com\/noticias\/wp-content\/uploads\/2026\/08\/Deportivo-Goudge-768x512.jpg 768w, https:\/\/vinasfm.com\/noticias\/wp-content\/uploads\/2026\/08\/Deportivo-Goudge.jpg 1354w\" sizes=\"auto, (max-width: 1024px) 100vw, 1024px\" \/><\/a><p id=\"caption-attachment-164291\" class=\"wp-caption-text\"><span style=\"color: #00ccff;\"><strong>Foto by Prensa Goudge<\/strong><\/span><\/p><\/div>\n<p>El pr\u00f3ximo partido ser\u00e1 en condici\u00f3n de visitante frente al Globo Sanrafaelino, el equipo dirigido por Pablo Castro tendr\u00e1 tres encuentros seguidos fuera de casa.<\/p>\n<div id=\"attachment_164292\" style=\"width: 1024px\" class=\"wp-caption alignnone\"><a href=\"https:\/\/vinasfm.com\/noticias\/wp-content\/uploads\/2026\/08\/Huracan-San-Rafael-scaled.jpg\"><img loading=\"lazy\" decoding=\"async\" aria-describedby=\"caption-attachment-164292\" class=\"size-large wp-image-164292\" src=\"https:\/\/vinasfm.com\/noticias\/wp-content\/uploads\/2026\/08\/Huracan-San-Rafael-1024x864.jpg\" alt=\"Foto by Prensa Hurac\u00e1n SR\" width=\"1024\" height=\"864\" srcset=\"https:\/\/vinasfm.com\/noticias\/wp-content\/uploads\/2026\/08\/Huracan-San-Rafael-1024x864.jpg 1024w, https:\/\/vinasfm.com\/noticias\/wp-content\/uploads\/2026\/08\/Huracan-San-Rafael-300x253.jpg 300w, https:\/\/vinasfm.com\/noticias\/wp-content\/uploads\/2026\/08\/Huracan-San-Rafael-768x648.jpg 768w, https:\/\/vinasfm.com\/noticias\/wp-content\/uploads\/2026\/08\/Huracan-San-Rafael-1536x1297.jpg 1536w, https:\/\/vinasfm.com\/noticias\/wp-content\/uploads\/2026\/08\/Huracan-San-Rafael-2048x1729.jpg 2048w\" sizes=\"auto, (max-width: 1024px) 100vw, 1024px\" \/><\/a><p id=\"caption-attachment-164292\" class=\"wp-caption-text\"><span style=\"color: #0000ff;\"><strong>Foto by Prensa Hurac\u00e1n SR<\/strong><\/span><\/p><\/div>\n<p>&nbsp;<\/p>\n","protected":false},"excerpt":{"rendered":"<p>Con goles de Enzo Tejada y Diego M\u00e9ndez, Pac\u00edfico se impuso frente Quiroga por la primer fecha del Regional 2026. Asimismo &#8230;<\/p>\n","protected":false},"author":7,"featured_media":164289,"comment_status":"open","ping_status":"open","sticky":false,"template":"","format":"standard","meta":{"footnotes":""},"categories":[1],"tags":[],"class_list":["post-164266","post","type-post","status-publish","format-standard","has-post-thumbnail","hentry","category-fmvinas"],"_links":{"self":[{"href":"https:\/\/vinasfm.com\/noticias\/wp-json\/wp\/v2\/posts\/164266","targetHints":{"allow":["GET"]}}],"collection":[{"href":"https:\/\/vinasfm.com\/noticias\/wp-json\/wp\/v2\/posts"}],"about":[{"href":"https:\/\/vinasfm.com\/noticias\/wp-json\/wp\/v2\/types\/post"}],"author":[{"embeddable":true,"href":"https:\/\/vinasfm.com\/noticias\/wp-json\/wp\/v2\/users\/7"}],"replies":[{"embeddable":true,"href":"https:\/\/vinasfm.com\/noticias\/wp-json\/wp\/v2\/comments?post=164266"}],"version-history":[{"count":4,"href":"https:\/\/vinasfm.com\/noticias\/wp-json\/wp\/v2\/posts\/164266\/revisions"}],"predecessor-version":[{"id":164293,"href":"https:\/\/vinasfm.com\/noticias\/wp-json\/wp\/v2\/posts\/164266\/revisions\/164293"}],"wp:featuredmedia":[{"embeddable":true,"href":"https:\/\/vinasfm.com\/noticias\/wp-json\/wp\/v2\/media\/164289"}],"wp:attachment":[{"href":"https:\/\/vinasfm.com\/noticias\/wp-json\/wp\/v2\/media?parent=164266"}],"wp:term":[{"taxonomy":"category","embeddable":true,"href":"https:\/\/vinasfm.com\/noticias\/wp-json\/wp\/v2\/categories?post=164266"},{"taxonomy":"post_tag","embeddable":true,"href":"https:\/\/vinasfm.com\/noticias\/wp-json\/wp\/v2\/tags?post=164266"}],"curies":[{"name":"wp","href":"https:\/\/api.w.org\/{rel}","templated":true}]}}