{"id":164259,"date":"2026-08-31T09:31:40","date_gmt":"2026-08-31T12:31:40","guid":{"rendered":"https:\/\/vinasfm.com\/noticias\/?p=164259"},"modified":"2026-08-31T09:31:40","modified_gmt":"2026-08-31T12:31:40","slug":"la-policia-desarticulo-un-punto-de-venta-de-drogas-y-secuestro-cocaina-dinero-y-elementos-vinculados-al-narcomenudeo-en-san-rafael","status":"publish","type":"post","link":"https:\/\/vinasfm.com\/noticias\/la-policia-desarticulo-un-punto-de-venta-de-drogas-y-secuestro-cocaina-dinero-y-elementos-vinculados-al-narcomenudeo-en-san-rafael\/","title":{"rendered":"LA POLIC\u00cdA DESARTICUL\u00d3 UN PUNTO DE VENTA DE DROGAS Y SECUESTR\u00d3 COCA\u00cdNA, DINERO Y ELEMENTOS VINCULADOS AL NARCOMENUDEO EN SAN RAFAEL"},"content":{"rendered":"<h4><strong>Personal de la Polic\u00eda Contra el Narcotr\u00e1fico, Divisi\u00f3n San Rafael, llev\u00f3 adelante un allanamiento en el marco de una investigaci\u00f3n propia por la comercializaci\u00f3n de estupefacientes bajo la modalidad de narcomenudeo.<\/strong><\/h4>\n<p><a href=\"https:\/\/vinasfm.com\/noticias\/wp-content\/uploads\/2026\/08\/IMG-20260830-WA0004.jpg\"><img loading=\"lazy\" decoding=\"async\" class=\"alignnone size-large wp-image-164261\" src=\"https:\/\/vinasfm.com\/noticias\/wp-content\/uploads\/2026\/08\/IMG-20260830-WA0004-832x1024.jpg\" alt=\"\" width=\"832\" height=\"1024\" srcset=\"https:\/\/vinasfm.com\/noticias\/wp-content\/uploads\/2026\/08\/IMG-20260830-WA0004-832x1024.jpg 832w, https:\/\/vinasfm.com\/noticias\/wp-content\/uploads\/2026\/08\/IMG-20260830-WA0004-244x300.jpg 244w, https:\/\/vinasfm.com\/noticias\/wp-content\/uploads\/2026\/08\/IMG-20260830-WA0004-768x945.jpg 768w, https:\/\/vinasfm.com\/noticias\/wp-content\/uploads\/2026\/08\/IMG-20260830-WA0004.jpg 1040w\" sizes=\"auto, (max-width: 832px) 100vw, 832px\" \/><\/a><\/p>\n<p>Durante la medida, los efectivos secuestraron 40 envoltorios de coca\u00edna, dos plantines de cannabis, $453.800 en efectivo, dos tel\u00e9fonos celulares, dos balanzas de precisi\u00f3n y una libreta con anotaciones, elementos de inter\u00e9s para la causa.<\/p>\n<p>Como resultado del procedimiento, la mujer qued\u00f3 aprehendida por disposici\u00f3n del Auxiliar Fiscal en turno. Intervino el Juzgado Federal de San Rafael.<\/p>\n<p>&nbsp;<\/p>\n<p>&nbsp;<\/p>\n<p>&nbsp;<\/p>\n<p>&nbsp;<\/p>\n","protected":false},"excerpt":{"rendered":"<p>Personal de la Polic\u00eda Contra el Narcotr\u00e1fico, Divisi\u00f3n San Rafael, llev\u00f3 adelante un allanamiento en el marco de una investigaci\u00f3n propia &#8230;<\/p>\n","protected":false},"author":7,"featured_media":164262,"comment_status":"open","ping_status":"open","sticky":false,"template":"","format":"standard","meta":{"footnotes":""},"categories":[1],"tags":[],"class_list":["post-164259","post","type-post","status-publish","format-standard","has-post-thumbnail","hentry","category-fmvinas"],"_links":{"self":[{"href":"https:\/\/vinasfm.com\/noticias\/wp-json\/wp\/v2\/posts\/164259","targetHints":{"allow":["GET"]}}],"collection":[{"href":"https:\/\/vinasfm.com\/noticias\/wp-json\/wp\/v2\/posts"}],"about":[{"href":"https:\/\/vinasfm.com\/noticias\/wp-json\/wp\/v2\/types\/post"}],"author":[{"embeddable":true,"href":"https:\/\/vinasfm.com\/noticias\/wp-json\/wp\/v2\/users\/7"}],"replies":[{"embeddable":true,"href":"https:\/\/vinasfm.com\/noticias\/wp-json\/wp\/v2\/comments?post=164259"}],"version-history":[{"count":3,"href":"https:\/\/vinasfm.com\/noticias\/wp-json\/wp\/v2\/posts\/164259\/revisions"}],"predecessor-version":[{"id":164265,"href":"https:\/\/vinasfm.com\/noticias\/wp-json\/wp\/v2\/posts\/164259\/revisions\/164265"}],"wp:featuredmedia":[{"embeddable":true,"href":"https:\/\/vinasfm.com\/noticias\/wp-json\/wp\/v2\/media\/164262"}],"wp:attachment":[{"href":"https:\/\/vinasfm.com\/noticias\/wp-json\/wp\/v2\/media?parent=164259"}],"wp:term":[{"taxonomy":"category","embeddable":true,"href":"https:\/\/vinasfm.com\/noticias\/wp-json\/wp\/v2\/categories?post=164259"},{"taxonomy":"post_tag","embeddable":true,"href":"https:\/\/vinasfm.com\/noticias\/wp-json\/wp\/v2\/tags?post=164259"}],"curies":[{"name":"wp","href":"https:\/\/api.w.org\/{rel}","templated":true}]}}