{"id":164250,"date":"2026-08-31T09:28:32","date_gmt":"2026-08-31T12:28:32","guid":{"rendered":"https:\/\/vinasfm.com\/noticias\/?p=164250"},"modified":"2026-08-31T09:28:32","modified_gmt":"2026-08-31T12:28:32","slug":"los-distritos-celebraron-el-dia-del-nino","status":"publish","type":"post","link":"https:\/\/vinasfm.com\/noticias\/los-distritos-celebraron-el-dia-del-nino\/","title":{"rendered":"LOS DISTRITOS CELEBRARON EL D\u00cdA DEL NI\u00d1O"},"content":{"rendered":"<h4>Este domingo se llevaron adelante los festejos por el D\u00eda del Ni\u00f1o en los distritos de General Alvear. Los m\u00e1s peque\u00f1os de Alvear Oeste, Bowen y Carmensa, disfrutaron de juegos, espect\u00e1culos, sorteos y propuestas recreativas pensadas para compartir en familia.<\/h4>\n<p><a href=\"https:\/\/vinasfm.com\/noticias\/wp-content\/uploads\/2026\/08\/IMG-20260831-WA0046.jpg\"><img loading=\"lazy\" decoding=\"async\" class=\"alignnone size-large wp-image-164257\" src=\"https:\/\/vinasfm.com\/noticias\/wp-content\/uploads\/2026\/08\/IMG-20260831-WA0046-1024x683.jpg\" alt=\"\" width=\"1024\" height=\"683\" srcset=\"https:\/\/vinasfm.com\/noticias\/wp-content\/uploads\/2026\/08\/IMG-20260831-WA0046-1024x683.jpg 1024w, https:\/\/vinasfm.com\/noticias\/wp-content\/uploads\/2026\/08\/IMG-20260831-WA0046-300x200.jpg 300w, https:\/\/vinasfm.com\/noticias\/wp-content\/uploads\/2026\/08\/IMG-20260831-WA0046-768x512.jpg 768w, https:\/\/vinasfm.com\/noticias\/wp-content\/uploads\/2026\/08\/IMG-20260831-WA0046.jpg 1280w\" sizes=\"auto, (max-width: 1024px) 100vw, 1024px\" \/><\/a><\/p>\n<p>En Alvear Oeste, el Parque Pueblo Luna recibi\u00f3 a una importante cantidad de familias que se acercaron para disfrutar de una tarde de encuentro superando las expectativas, en una tarea articulada entre distintas \u00e1reas. Entre los sorteos realizados se entregaron bicicletas y diversos premios para los ni\u00f1os presentes.<\/p>\n<p><a href=\"https:\/\/vinasfm.com\/noticias\/wp-content\/uploads\/2026\/08\/IMG-20260831-WA0049.jpg\"><img loading=\"lazy\" decoding=\"async\" class=\"alignnone size-large wp-image-164256\" src=\"https:\/\/vinasfm.com\/noticias\/wp-content\/uploads\/2026\/08\/IMG-20260831-WA0049-1024x683.jpg\" alt=\"\" width=\"1024\" height=\"683\" srcset=\"https:\/\/vinasfm.com\/noticias\/wp-content\/uploads\/2026\/08\/IMG-20260831-WA0049-1024x683.jpg 1024w, https:\/\/vinasfm.com\/noticias\/wp-content\/uploads\/2026\/08\/IMG-20260831-WA0049-300x200.jpg 300w, https:\/\/vinasfm.com\/noticias\/wp-content\/uploads\/2026\/08\/IMG-20260831-WA0049-768x512.jpg 768w, https:\/\/vinasfm.com\/noticias\/wp-content\/uploads\/2026\/08\/IMG-20260831-WA0049.jpg 1280w\" sizes=\"auto, (max-width: 1024px) 100vw, 1024px\" \/><\/a><\/p>\n<p>En Bowen, el Polideportivo del distrito recibi\u00f3 a m\u00e1s de 800 ni\u00f1os junto a sus familias. La programaci\u00f3n incluy\u00f3 espect\u00e1culos de t\u00edteres, juegos, chocolate y sorteos, en una tarde marcada por la amplia participaci\u00f3n de vecinos que compartieron las actividades al aire libre aprovechando las buenas condiciones clim\u00e1ticas.<\/p>\n<p><a href=\"https:\/\/vinasfm.com\/noticias\/wp-content\/uploads\/2026\/08\/IMG-20260831-WA0048-scaled.jpg\"><img loading=\"lazy\" decoding=\"async\" class=\"alignnone size-large wp-image-164255\" src=\"https:\/\/vinasfm.com\/noticias\/wp-content\/uploads\/2026\/08\/IMG-20260831-WA0048-1024x683.jpg\" alt=\"\" width=\"1024\" height=\"683\" srcset=\"https:\/\/vinasfm.com\/noticias\/wp-content\/uploads\/2026\/08\/IMG-20260831-WA0048-1024x683.jpg 1024w, https:\/\/vinasfm.com\/noticias\/wp-content\/uploads\/2026\/08\/IMG-20260831-WA0048-300x200.jpg 300w, https:\/\/vinasfm.com\/noticias\/wp-content\/uploads\/2026\/08\/IMG-20260831-WA0048-768x512.jpg 768w, https:\/\/vinasfm.com\/noticias\/wp-content\/uploads\/2026\/08\/IMG-20260831-WA0048-1536x1024.jpg 1536w, https:\/\/vinasfm.com\/noticias\/wp-content\/uploads\/2026\/08\/IMG-20260831-WA0048-2048x1366.jpg 2048w\" sizes=\"auto, (max-width: 1024px) 100vw, 1024px\" \/><\/a><\/p>\n<p>Mientras tanto, en Carmensa, los festejos contaron con propuestas recreativas, maquillaje art\u00edstico, toro mec\u00e1nico, espect\u00e1culos circenses, sorteos y regalos. La celebraci\u00f3n volvi\u00f3 a generar gran expectativa entre los ni\u00f1os del distrito, que aguardaban esta fecha para disfrutar de una jornada especialmente pensada para ellos.<\/p>\n<p><a href=\"https:\/\/vinasfm.com\/noticias\/wp-content\/uploads\/2026\/08\/IMG-20260831-WA0052-scaled.jpg\"><img loading=\"lazy\" decoding=\"async\" class=\"alignnone size-large wp-image-164253\" src=\"https:\/\/vinasfm.com\/noticias\/wp-content\/uploads\/2026\/08\/IMG-20260831-WA0052-1024x683.jpg\" alt=\"\" width=\"1024\" height=\"683\" srcset=\"https:\/\/vinasfm.com\/noticias\/wp-content\/uploads\/2026\/08\/IMG-20260831-WA0052-1024x683.jpg 1024w, https:\/\/vinasfm.com\/noticias\/wp-content\/uploads\/2026\/08\/IMG-20260831-WA0052-300x200.jpg 300w, https:\/\/vinasfm.com\/noticias\/wp-content\/uploads\/2026\/08\/IMG-20260831-WA0052-768x512.jpg 768w, https:\/\/vinasfm.com\/noticias\/wp-content\/uploads\/2026\/08\/IMG-20260831-WA0052-1536x1024.jpg 1536w, https:\/\/vinasfm.com\/noticias\/wp-content\/uploads\/2026\/08\/IMG-20260831-WA0052-2048x1366.jpg 2048w\" sizes=\"auto, (max-width: 1024px) 100vw, 1024px\" \/><\/a><\/p>\n<p>La sonrisa de los ni\u00f1os, la participaci\u00f3n de las familias y los espacios colmados de vecinos marcaron la celebraci\u00f3n del D\u00eda del Ni\u00f1o en los distritos, en una jornada que dej\u00f3 momentos de alegr\u00eda, encuentro y diversi\u00f3n para toda la comunidad.<\/p>\n<p><a href=\"https:\/\/vinasfm.com\/noticias\/wp-content\/uploads\/2026\/08\/IMG-20260831-WA0051.jpg\"><img loading=\"lazy\" decoding=\"async\" class=\"alignnone size-large wp-image-164254\" src=\"https:\/\/vinasfm.com\/noticias\/wp-content\/uploads\/2026\/08\/IMG-20260831-WA0051-1024x683.jpg\" alt=\"\" width=\"1024\" height=\"683\" srcset=\"https:\/\/vinasfm.com\/noticias\/wp-content\/uploads\/2026\/08\/IMG-20260831-WA0051-1024x683.jpg 1024w, https:\/\/vinasfm.com\/noticias\/wp-content\/uploads\/2026\/08\/IMG-20260831-WA0051-300x200.jpg 300w, https:\/\/vinasfm.com\/noticias\/wp-content\/uploads\/2026\/08\/IMG-20260831-WA0051-768x512.jpg 768w, https:\/\/vinasfm.com\/noticias\/wp-content\/uploads\/2026\/08\/IMG-20260831-WA0051.jpg 1280w\" sizes=\"auto, (max-width: 1024px) 100vw, 1024px\" \/><\/a><\/p>\n","protected":false},"excerpt":{"rendered":"<p>Este domingo se llevaron adelante los festejos por el D\u00eda del Ni\u00f1o en los distritos de General Alvear. Los m\u00e1s peque\u00f1os &#8230;<\/p>\n","protected":false},"author":7,"featured_media":164251,"comment_status":"open","ping_status":"open","sticky":false,"template":"","format":"standard","meta":{"footnotes":""},"categories":[1],"tags":[],"class_list":["post-164250","post","type-post","status-publish","format-standard","has-post-thumbnail","hentry","category-fmvinas"],"_links":{"self":[{"href":"https:\/\/vinasfm.com\/noticias\/wp-json\/wp\/v2\/posts\/164250","targetHints":{"allow":["GET"]}}],"collection":[{"href":"https:\/\/vinasfm.com\/noticias\/wp-json\/wp\/v2\/posts"}],"about":[{"href":"https:\/\/vinasfm.com\/noticias\/wp-json\/wp\/v2\/types\/post"}],"author":[{"embeddable":true,"href":"https:\/\/vinasfm.com\/noticias\/wp-json\/wp\/v2\/users\/7"}],"replies":[{"embeddable":true,"href":"https:\/\/vinasfm.com\/noticias\/wp-json\/wp\/v2\/comments?post=164250"}],"version-history":[{"count":2,"href":"https:\/\/vinasfm.com\/noticias\/wp-json\/wp\/v2\/posts\/164250\/revisions"}],"predecessor-version":[{"id":164263,"href":"https:\/\/vinasfm.com\/noticias\/wp-json\/wp\/v2\/posts\/164250\/revisions\/164263"}],"wp:featuredmedia":[{"embeddable":true,"href":"https:\/\/vinasfm.com\/noticias\/wp-json\/wp\/v2\/media\/164251"}],"wp:attachment":[{"href":"https:\/\/vinasfm.com\/noticias\/wp-json\/wp\/v2\/media?parent=164250"}],"wp:term":[{"taxonomy":"category","embeddable":true,"href":"https:\/\/vinasfm.com\/noticias\/wp-json\/wp\/v2\/categories?post=164250"},{"taxonomy":"post_tag","embeddable":true,"href":"https:\/\/vinasfm.com\/noticias\/wp-json\/wp\/v2\/tags?post=164250"}],"curies":[{"name":"wp","href":"https:\/\/api.w.org\/{rel}","templated":true}]}}