{"id":164243,"date":"2026-08-31T08:56:34","date_gmt":"2026-08-31T11:56:34","guid":{"rendered":"https:\/\/vinasfm.com\/noticias\/?p=164243"},"modified":"2026-08-31T11:18:05","modified_gmt":"2026-08-31T14:18:05","slug":"dos-lesionados-tras-un-vuelco-en-las-primeras-horas-del-lunes","status":"publish","type":"post","link":"https:\/\/vinasfm.com\/noticias\/dos-lesionados-tras-un-vuelco-en-las-primeras-horas-del-lunes\/","title":{"rendered":"DOS LESIONADOS TRAS UN VUELCO EN LAS PRIMERAS HORAS DEL LUNES"},"content":{"rendered":"<h4><strong>El hecho sucedi\u00f3 en Avenida Alvear Este y Echeverr\u00eda, las personas asistidas fueron indentificadas como F.M y \u00c1.C ambas de 18 a\u00f1os.<\/strong><\/h4>\n<p>Personal policial intervino ante el vuelco de un Chevrolet Corsa donde el conductor circulaba por Ruta 188, de oeste a este, y, al superar la intersecci\u00f3n con Echeverr\u00eda, mordi\u00f3 la banquina, perdi\u00f3 el dominio y colision\u00f3 contra el boulevard, produci\u00e9ndose posteriormente el vuelco.<\/p>\n<p>Ambos ocupantes fueron trasladados al Hospital Enfermeros Argentinos, donde recibieron asistencia por traumatismos m\u00faltiples y posteriormente fueron dados de alta.<\/p>\n<p>El dosaje de alcoholemia realizado al conductor arroj\u00f3 0,76 g\/l, se labr\u00f3 el acta vial correspondiente y se dio intervenci\u00f3n a la Oficina Fiscal.<\/p>\n","protected":false},"excerpt":{"rendered":"<p>El hecho sucedi\u00f3 en Avenida Alvear Este y Echeverr\u00eda, las personas asistidas fueron indentificadas como F.M y \u00c1.C ambas de 18 &#8230;<\/p>\n","protected":false},"author":7,"featured_media":164298,"comment_status":"open","ping_status":"open","sticky":false,"template":"","format":"standard","meta":{"footnotes":""},"categories":[1],"tags":[],"class_list":["post-164243","post","type-post","status-publish","format-standard","has-post-thumbnail","hentry","category-fmvinas"],"_links":{"self":[{"href":"https:\/\/vinasfm.com\/noticias\/wp-json\/wp\/v2\/posts\/164243","targetHints":{"allow":["GET"]}}],"collection":[{"href":"https:\/\/vinasfm.com\/noticias\/wp-json\/wp\/v2\/posts"}],"about":[{"href":"https:\/\/vinasfm.com\/noticias\/wp-json\/wp\/v2\/types\/post"}],"author":[{"embeddable":true,"href":"https:\/\/vinasfm.com\/noticias\/wp-json\/wp\/v2\/users\/7"}],"replies":[{"embeddable":true,"href":"https:\/\/vinasfm.com\/noticias\/wp-json\/wp\/v2\/comments?post=164243"}],"version-history":[{"count":3,"href":"https:\/\/vinasfm.com\/noticias\/wp-json\/wp\/v2\/posts\/164243\/revisions"}],"predecessor-version":[{"id":164305,"href":"https:\/\/vinasfm.com\/noticias\/wp-json\/wp\/v2\/posts\/164243\/revisions\/164305"}],"wp:featuredmedia":[{"embeddable":true,"href":"https:\/\/vinasfm.com\/noticias\/wp-json\/wp\/v2\/media\/164298"}],"wp:attachment":[{"href":"https:\/\/vinasfm.com\/noticias\/wp-json\/wp\/v2\/media?parent=164243"}],"wp:term":[{"taxonomy":"category","embeddable":true,"href":"https:\/\/vinasfm.com\/noticias\/wp-json\/wp\/v2\/categories?post=164243"},{"taxonomy":"post_tag","embeddable":true,"href":"https:\/\/vinasfm.com\/noticias\/wp-json\/wp\/v2\/tags?post=164243"}],"curies":[{"name":"wp","href":"https:\/\/api.w.org\/{rel}","templated":true}]}}