{"id":164233,"date":"2026-08-31T08:50:51","date_gmt":"2026-08-31T11:50:51","guid":{"rendered":"https:\/\/vinasfm.com\/noticias\/?p=164233"},"modified":"2026-08-31T11:15:05","modified_gmt":"2026-08-31T14:15:05","slug":"se-realizo-un-encuentro-regional-en-general-alvear","status":"publish","type":"post","link":"https:\/\/vinasfm.com\/noticias\/se-realizo-un-encuentro-regional-en-general-alvear\/","title":{"rendered":"SE REALIZ\u00d3 UN ENCUENTRO REGIONAL DE BOCCIA EN GENERAL ALVEAR"},"content":{"rendered":"<h4><strong>El Polideportivo Deportistas Alvearenses recibi\u00f3 este fin de semana el primer encuentro regional de Boccia, una disciplina paral\u00edmpica destinada a personas con par\u00e1lisis cerebral y otras discapacidades f\u00edsicas severas.<\/strong><\/h4>\n<p><a href=\"https:\/\/vinasfm.com\/noticias\/wp-content\/uploads\/2026\/08\/IMG-20260831-WA0020.jpg\"><img loading=\"lazy\" decoding=\"async\" class=\"alignnone size-large wp-image-164241\" src=\"https:\/\/vinasfm.com\/noticias\/wp-content\/uploads\/2026\/08\/IMG-20260831-WA0020-1024x682.jpg\" alt=\"\" width=\"1024\" height=\"682\" srcset=\"https:\/\/vinasfm.com\/noticias\/wp-content\/uploads\/2026\/08\/IMG-20260831-WA0020-1024x682.jpg 1024w, https:\/\/vinasfm.com\/noticias\/wp-content\/uploads\/2026\/08\/IMG-20260831-WA0020-300x200.jpg 300w, https:\/\/vinasfm.com\/noticias\/wp-content\/uploads\/2026\/08\/IMG-20260831-WA0020-768x512.jpg 768w, https:\/\/vinasfm.com\/noticias\/wp-content\/uploads\/2026\/08\/IMG-20260831-WA0020-1536x1023.jpg 1536w, https:\/\/vinasfm.com\/noticias\/wp-content\/uploads\/2026\/08\/IMG-20260831-WA0020.jpg 1600w\" sizes=\"auto, (max-width: 1024px) 100vw, 1024px\" \/><\/a><\/p>\n<p>La propuesta reuni\u00f3 a delegaciones de General Alvear, Maip\u00fa, Las Heras y San Juan en una jornada de competencia, integraci\u00f3n e intercambio de experiencias.<\/p>\n<p><a href=\"https:\/\/vinasfm.com\/noticias\/wp-content\/uploads\/2026\/08\/IMG-20260831-WA0030.jpg\"><img loading=\"lazy\" decoding=\"async\" class=\"alignnone size-large wp-image-164237\" src=\"https:\/\/vinasfm.com\/noticias\/wp-content\/uploads\/2026\/08\/IMG-20260831-WA0030-682x1024.jpg\" alt=\"\" width=\"682\" height=\"1024\" srcset=\"https:\/\/vinasfm.com\/noticias\/wp-content\/uploads\/2026\/08\/IMG-20260831-WA0030-682x1024.jpg 682w, https:\/\/vinasfm.com\/noticias\/wp-content\/uploads\/2026\/08\/IMG-20260831-WA0030-200x300.jpg 200w, https:\/\/vinasfm.com\/noticias\/wp-content\/uploads\/2026\/08\/IMG-20260831-WA0030-768x1153.jpg 768w, https:\/\/vinasfm.com\/noticias\/wp-content\/uploads\/2026\/08\/IMG-20260831-WA0030-1023x1536.jpg 1023w, https:\/\/vinasfm.com\/noticias\/wp-content\/uploads\/2026\/08\/IMG-20260831-WA0030.jpg 1066w\" sizes=\"auto, (max-width: 682px) 100vw, 682px\" \/><\/a><\/p>\n<p>La asesora para Personas con Discapacidad, Viviana Lima, destac\u00f3 la presencia de atletas de distintos puntos de la regi\u00f3n y valor\u00f3 el crecimiento que viene registrando esta disciplina en el departamento, donde el equipo local mantiene una preparaci\u00f3n constante durante todo el a\u00f1o.<\/p>\n<p><a href=\"https:\/\/vinasfm.com\/noticias\/wp-content\/uploads\/2026\/08\/IMG-20260831-WA0025.jpg\"><img loading=\"lazy\" decoding=\"async\" class=\"alignnone size-large wp-image-164239\" src=\"https:\/\/vinasfm.com\/noticias\/wp-content\/uploads\/2026\/08\/IMG-20260831-WA0025-1024x682.jpg\" alt=\"\" width=\"1024\" height=\"682\" srcset=\"https:\/\/vinasfm.com\/noticias\/wp-content\/uploads\/2026\/08\/IMG-20260831-WA0025-1024x682.jpg 1024w, https:\/\/vinasfm.com\/noticias\/wp-content\/uploads\/2026\/08\/IMG-20260831-WA0025-300x200.jpg 300w, https:\/\/vinasfm.com\/noticias\/wp-content\/uploads\/2026\/08\/IMG-20260831-WA0025-768x512.jpg 768w, https:\/\/vinasfm.com\/noticias\/wp-content\/uploads\/2026\/08\/IMG-20260831-WA0025-1536x1023.jpg 1536w, https:\/\/vinasfm.com\/noticias\/wp-content\/uploads\/2026\/08\/IMG-20260831-WA0025.jpg 1600w\" sizes=\"auto, (max-width: 1024px) 100vw, 1024px\" \/><\/a><\/p>\n<p>Representantes de las delegaciones visitantes resaltaron la organizaci\u00f3n del encuentro y el ambiente de compa\u00f1erismo que se vivi\u00f3 durante la jornada. Adem\u00e1s, coincidieron en la importancia de generar estos espacios, que favorecen el intercambio entre deportistas, familias y profesores, priorizando la participaci\u00f3n y el disfrute por encima de los resultados.<\/p>\n<p><a href=\"https:\/\/vinasfm.com\/noticias\/wp-content\/uploads\/2026\/08\/IMG-20260831-WA0032.jpg\"><img loading=\"lazy\" decoding=\"async\" class=\"alignnone size-large wp-image-164238\" src=\"https:\/\/vinasfm.com\/noticias\/wp-content\/uploads\/2026\/08\/IMG-20260831-WA0032-1024x682.jpg\" alt=\"\" width=\"1024\" height=\"682\" srcset=\"https:\/\/vinasfm.com\/noticias\/wp-content\/uploads\/2026\/08\/IMG-20260831-WA0032-1024x682.jpg 1024w, https:\/\/vinasfm.com\/noticias\/wp-content\/uploads\/2026\/08\/IMG-20260831-WA0032-300x200.jpg 300w, https:\/\/vinasfm.com\/noticias\/wp-content\/uploads\/2026\/08\/IMG-20260831-WA0032-768x512.jpg 768w, https:\/\/vinasfm.com\/noticias\/wp-content\/uploads\/2026\/08\/IMG-20260831-WA0032-1536x1023.jpg 1536w, https:\/\/vinasfm.com\/noticias\/wp-content\/uploads\/2026\/08\/IMG-20260831-WA0032.jpg 1600w\" sizes=\"auto, (max-width: 1024px) 100vw, 1024px\" \/><\/a><\/p>\n<p>La iniciativa se enmarca en las acciones destinadas a fortalecer el deporte adaptado y ampliar las oportunidades de inclusi\u00f3n, promoviendo la actividad f\u00edsica como un espacio de desarrollo, encuentro y participaci\u00f3n para las personas con discapacidad.<\/p>\n<p><a href=\"https:\/\/vinasfm.com\/noticias\/wp-content\/uploads\/2026\/08\/IMG-20260831-WA0034.jpg\"><img loading=\"lazy\" decoding=\"async\" class=\"alignnone size-large wp-image-164235\" src=\"https:\/\/vinasfm.com\/noticias\/wp-content\/uploads\/2026\/08\/IMG-20260831-WA0034-1024x682.jpg\" alt=\"\" width=\"1024\" height=\"682\" srcset=\"https:\/\/vinasfm.com\/noticias\/wp-content\/uploads\/2026\/08\/IMG-20260831-WA0034-1024x682.jpg 1024w, https:\/\/vinasfm.com\/noticias\/wp-content\/uploads\/2026\/08\/IMG-20260831-WA0034-300x200.jpg 300w, https:\/\/vinasfm.com\/noticias\/wp-content\/uploads\/2026\/08\/IMG-20260831-WA0034-768x512.jpg 768w, https:\/\/vinasfm.com\/noticias\/wp-content\/uploads\/2026\/08\/IMG-20260831-WA0034-1536x1023.jpg 1536w, https:\/\/vinasfm.com\/noticias\/wp-content\/uploads\/2026\/08\/IMG-20260831-WA0034.jpg 1600w\" sizes=\"auto, (max-width: 1024px) 100vw, 1024px\" \/><\/a><\/p>\n","protected":false},"excerpt":{"rendered":"<p>El Polideportivo Deportistas Alvearenses recibi\u00f3 este fin de semana el primer encuentro regional de Boccia, una disciplina paral\u00edmpica destinada a personas &#8230;<\/p>\n","protected":false},"author":7,"featured_media":164240,"comment_status":"open","ping_status":"open","sticky":false,"template":"","format":"standard","meta":{"footnotes":""},"categories":[5,3],"tags":[],"class_list":["post-164233","post","type-post","status-publish","format-standard","has-post-thumbnail","hentry","category-actualidad","category-deportes"],"_links":{"self":[{"href":"https:\/\/vinasfm.com\/noticias\/wp-json\/wp\/v2\/posts\/164233","targetHints":{"allow":["GET"]}}],"collection":[{"href":"https:\/\/vinasfm.com\/noticias\/wp-json\/wp\/v2\/posts"}],"about":[{"href":"https:\/\/vinasfm.com\/noticias\/wp-json\/wp\/v2\/types\/post"}],"author":[{"embeddable":true,"href":"https:\/\/vinasfm.com\/noticias\/wp-json\/wp\/v2\/users\/7"}],"replies":[{"embeddable":true,"href":"https:\/\/vinasfm.com\/noticias\/wp-json\/wp\/v2\/comments?post=164233"}],"version-history":[{"count":4,"href":"https:\/\/vinasfm.com\/noticias\/wp-json\/wp\/v2\/posts\/164233\/revisions"}],"predecessor-version":[{"id":164299,"href":"https:\/\/vinasfm.com\/noticias\/wp-json\/wp\/v2\/posts\/164233\/revisions\/164299"}],"wp:featuredmedia":[{"embeddable":true,"href":"https:\/\/vinasfm.com\/noticias\/wp-json\/wp\/v2\/media\/164240"}],"wp:attachment":[{"href":"https:\/\/vinasfm.com\/noticias\/wp-json\/wp\/v2\/media?parent=164233"}],"wp:term":[{"taxonomy":"category","embeddable":true,"href":"https:\/\/vinasfm.com\/noticias\/wp-json\/wp\/v2\/categories?post=164233"},{"taxonomy":"post_tag","embeddable":true,"href":"https:\/\/vinasfm.com\/noticias\/wp-json\/wp\/v2\/tags?post=164233"}],"curies":[{"name":"wp","href":"https:\/\/api.w.org\/{rel}","templated":true}]}}