{"id":162580,"date":"2026-07-20T21:00:21","date_gmt":"2026-07-21T00:00:21","guid":{"rendered":"https:\/\/vinasfm.com\/noticias\/?p=162580"},"modified":"2026-07-21T11:46:40","modified_gmt":"2026-07-21T14:46:40","slug":"implementaran-darsenas-exclusivas-para-el-ascenso-y-descenso-de-alumnos-en-la-zona-escolar-de-general-alvear","status":"publish","type":"post","link":"https:\/\/vinasfm.com\/noticias\/implementaran-darsenas-exclusivas-para-el-ascenso-y-descenso-de-alumnos-en-la-zona-escolar-de-general-alvear\/","title":{"rendered":"IMPLEMENTAR\u00c1N D\u00c1RSENAS EXCLUSIVAS PARA EL ASCENSO Y DESCENSO DE ALUMNOS EN LA ZONA ESCOLAR DE GENERAL ALVEAR"},"content":{"rendered":"<h4 data-start=\"118\" data-end=\"476\"><strong>Con el objetivo de mejorar la seguridad vial y agilizar el tr\u00e1nsito en horarios de ingreso y salida de clases, el Municipio pondr\u00e1 en funcionamiento un sistema de d\u00e1rsenas exclusivas para el ascenso y descenso de estudiantes en la zona de la Escuela Carlos Mar\u00eda de Alvear, Capital Federal, Instituto San Antonio y Jard\u00edn Nucleado.<\/strong><\/h4>\n<p data-start=\"478\" data-end=\"671\">Las nuevas d\u00e1rsenas estar\u00e1n ubicadas sobre el <strong data-start=\"524\" data-end=\"590\"><span style=\"color: #800080;\">costado izquierdo de Calle Mitre<\/span>, entre Roca e Ingeniero Lange<\/strong>, adem\u00e1s de sectores de Ingeniero Lange frente a los establecimientos educativos.<\/p>\n<p data-start=\"673\" data-end=\"923\">Desde la <strong><span style=\"color: #800080;\">Direcci\u00f3n de Inspecci\u00f3n General<\/span><\/strong> explicaron que estos espacios<strong><span style=\"color: #800080;\"> no ser\u00e1n utilizados como estacionamiento<\/span><\/strong>, sino \u00fanicamente para que los padres detengan el veh\u00edculo el tiempo indispensable para que los alumnos bajen o suban de manera segura:<em><strong> &#8216;el objetivo es que los padres puedan dejar a sus hijos frente a la escuela sin generar demoras ni entorpecer el tr\u00e1nsito, no est\u00e1 permitido estacionar, bajarse del veh\u00edculo o acompa\u00f1ar al menor hasta el ingreso, debe ser una maniobra r\u00e1pida de ascenso y descenso&#8217;<\/strong><\/em>, remarcaron las autoridades.<\/p>\n<p data-start=\"1220\" data-end=\"1523\">La medida tambi\u00e9n busca eliminar la doble fila, una de las principales causas de congesti\u00f3n y riesgos en los horarios escolares: ara ello habr\u00e1 una mayor presencia de <span style=\"color: #800080;\"><strong data-start=\"1388\" data-end=\"1415\">preventores municipales<\/strong><\/span> y efectivos de la <span style=\"color: #800080;\"><strong data-start=\"1434\" data-end=\"1456\">Polic\u00eda de Mendoza<\/strong><\/span>, quienes realizar\u00e1n tareas de control y ordenamiento del tr\u00e1nsito.<\/p>\n<p data-start=\"1525\" data-end=\"1796\">Seg\u00fan explicaron, la<strong><span style=\"color: #800080;\"> iniciativa surge tras un antiguo reclamo<\/span><\/strong> de vecinos e instituciones educativas, y fue dise\u00f1ada respetando la normativa vigente en materia de tr\u00e1nsito, buscando una soluci\u00f3n que beneficie tanto a la comunidad educativa como a la circulaci\u00f3n vehicular:<em><strong> &#8216;el operativo incluir\u00e1 controles y campa\u00f1as de concientizaci\u00f3n dirigidas a ciclistas y peatones, ya que se ha detectado la circulaci\u00f3n de bicicletas en contramano o sobre las veredas, as\u00ed como alumnos caminando por la calzada en lugar de utilizar la acera&#8217;<\/strong><\/em>, agregaron.<\/p>\n<p data-start=\"2105\" data-end=\"2356\">La primera etapa se priorizar\u00e1 la informaci\u00f3n y prevenci\u00f3n, aunque advirtieron que, si las infracciones persisten tras reiteradas advertencias, <strong data-start=\"2288\" data-end=\"2355\">se aplicar\u00e1n las sanciones previstas por la legislaci\u00f3n vigente<\/strong>.<\/p>\n<p data-start=\"2358\" data-end=\"2590\" data-is-last-node=\"\" data-is-only-node=\"\">\n","protected":false},"excerpt":{"rendered":"<p>Con el objetivo de mejorar la seguridad vial y agilizar el tr\u00e1nsito en horarios de ingreso y salida de clases, el &#8230;<\/p>\n","protected":false},"author":7,"featured_media":124632,"comment_status":"open","ping_status":"open","sticky":false,"template":"","format":"standard","meta":{"footnotes":""},"categories":[5,10],"tags":[],"class_list":["post-162580","post","type-post","status-publish","format-standard","has-post-thumbnail","hentry","category-actualidad","category-destacadas"],"_links":{"self":[{"href":"https:\/\/vinasfm.com\/noticias\/wp-json\/wp\/v2\/posts\/162580","targetHints":{"allow":["GET"]}}],"collection":[{"href":"https:\/\/vinasfm.com\/noticias\/wp-json\/wp\/v2\/posts"}],"about":[{"href":"https:\/\/vinasfm.com\/noticias\/wp-json\/wp\/v2\/types\/post"}],"author":[{"embeddable":true,"href":"https:\/\/vinasfm.com\/noticias\/wp-json\/wp\/v2\/users\/7"}],"replies":[{"embeddable":true,"href":"https:\/\/vinasfm.com\/noticias\/wp-json\/wp\/v2\/comments?post=162580"}],"version-history":[{"count":3,"href":"https:\/\/vinasfm.com\/noticias\/wp-json\/wp\/v2\/posts\/162580\/revisions"}],"predecessor-version":[{"id":162601,"href":"https:\/\/vinasfm.com\/noticias\/wp-json\/wp\/v2\/posts\/162580\/revisions\/162601"}],"wp:featuredmedia":[{"embeddable":true,"href":"https:\/\/vinasfm.com\/noticias\/wp-json\/wp\/v2\/media\/124632"}],"wp:attachment":[{"href":"https:\/\/vinasfm.com\/noticias\/wp-json\/wp\/v2\/media?parent=162580"}],"wp:term":[{"taxonomy":"category","embeddable":true,"href":"https:\/\/vinasfm.com\/noticias\/wp-json\/wp\/v2\/categories?post=162580"},{"taxonomy":"post_tag","embeddable":true,"href":"https:\/\/vinasfm.com\/noticias\/wp-json\/wp\/v2\/tags?post=162580"}],"curies":[{"name":"wp","href":"https:\/\/api.w.org\/{rel}","templated":true}]}}