{"id":162449,"date":"2026-07-16T09:16:42","date_gmt":"2026-07-16T12:16:42","guid":{"rendered":"https:\/\/vinasfm.com\/noticias\/?p=162449"},"modified":"2026-07-16T12:07:31","modified_gmt":"2026-07-16T15:07:31","slug":"incidentes-en-general-alvear-luego-de-los-festejos-por-la-clasificacion-a-la-final-por-parte-de-la-seleccion-argentina","status":"publish","type":"post","link":"https:\/\/vinasfm.com\/noticias\/incidentes-en-general-alvear-luego-de-los-festejos-por-la-clasificacion-a-la-final-por-parte-de-la-seleccion-argentina\/","title":{"rendered":"INCIDENTES EN GENERAL ALVEAR LUEGO DE LOS FESTEJOS POR LA CLASIFICACI\u00d3N A LA FINAL POR PARTE DE LA SELECCI\u00d3N ARGENTINA"},"content":{"rendered":"<h4><strong>Pese a la fuerte presencia policial tras los festejos se produjo una serie de incidentes en distintos puntos de la Ciudad de General Alvear, especialmente en la Plaza Carlos Mar\u00eda y en la zona de la Terminal de \u00d3mnibus.<\/strong><\/h4>\n<p>A las peleas de pu\u00f1os se sumaron forcejos entre j\u00f3venes y la polic\u00eda, piedrazos y disparos disuasivos por parte de los efectivos de la fuerza.<\/p>\n<div style=\"width: 476px;\" class=\"wp-video\"><video class=\"wp-video-shortcode\" id=\"video-162449-1\" width=\"476\" height=\"846\" preload=\"metadata\" controls=\"controls\"><source type=\"video\/mp4\" src=\"https:\/\/vinasfm.com\/noticias\/wp-content\/uploads\/2026\/07\/VID-20260715-WA0118.mp4?_=1\" \/><a href=\"https:\/\/vinasfm.com\/noticias\/wp-content\/uploads\/2026\/07\/VID-20260715-WA0118.mp4\">https:\/\/vinasfm.com\/noticias\/wp-content\/uploads\/2026\/07\/VID-20260715-WA0118.mp4<\/a><\/video><\/div>\n<p>Uno de los j\u00f3venes result\u00f3 herido en su rostro y habr\u00eda tambi\u00e9n un efectivo policial con un corte en su cara,<br \/>\nse aguarda informaci\u00f3n oficial sobre si hay o no detenidos.<\/p>\n<h6><strong><span style=\"color: #3366ff;\">Fuente: TVA General Alvear<\/span><\/strong><\/h6>\n","protected":false},"excerpt":{"rendered":"<p>Pese a la fuerte presencia policial tras los festejos se produjo una serie de incidentes en distintos puntos de la Ciudad &#8230;<\/p>\n","protected":false},"author":7,"featured_media":162455,"comment_status":"open","ping_status":"open","sticky":false,"template":"","format":"standard","meta":{"footnotes":""},"categories":[1],"tags":[],"class_list":["post-162449","post","type-post","status-publish","format-standard","has-post-thumbnail","hentry","category-fmvinas"],"_links":{"self":[{"href":"https:\/\/vinasfm.com\/noticias\/wp-json\/wp\/v2\/posts\/162449","targetHints":{"allow":["GET"]}}],"collection":[{"href":"https:\/\/vinasfm.com\/noticias\/wp-json\/wp\/v2\/posts"}],"about":[{"href":"https:\/\/vinasfm.com\/noticias\/wp-json\/wp\/v2\/types\/post"}],"author":[{"embeddable":true,"href":"https:\/\/vinasfm.com\/noticias\/wp-json\/wp\/v2\/users\/7"}],"replies":[{"embeddable":true,"href":"https:\/\/vinasfm.com\/noticias\/wp-json\/wp\/v2\/comments?post=162449"}],"version-history":[{"count":2,"href":"https:\/\/vinasfm.com\/noticias\/wp-json\/wp\/v2\/posts\/162449\/revisions"}],"predecessor-version":[{"id":162454,"href":"https:\/\/vinasfm.com\/noticias\/wp-json\/wp\/v2\/posts\/162449\/revisions\/162454"}],"wp:featuredmedia":[{"embeddable":true,"href":"https:\/\/vinasfm.com\/noticias\/wp-json\/wp\/v2\/media\/162455"}],"wp:attachment":[{"href":"https:\/\/vinasfm.com\/noticias\/wp-json\/wp\/v2\/media?parent=162449"}],"wp:term":[{"taxonomy":"category","embeddable":true,"href":"https:\/\/vinasfm.com\/noticias\/wp-json\/wp\/v2\/categories?post=162449"},{"taxonomy":"post_tag","embeddable":true,"href":"https:\/\/vinasfm.com\/noticias\/wp-json\/wp\/v2\/tags?post=162449"}],"curies":[{"name":"wp","href":"https:\/\/api.w.org\/{rel}","templated":true}]}}