{"id":160878,"date":"2026-06-03T12:09:42","date_gmt":"2026-06-03T15:09:42","guid":{"rendered":"https:\/\/vinasfm.com\/noticias\/?p=160878"},"modified":"2026-06-04T10:51:38","modified_gmt":"2026-06-04T13:51:38","slug":"importante-operativo-policial-en-general-alvear-seis-allanamientos-motos-secuestradas-y-un-detenido","status":"publish","type":"post","link":"https:\/\/vinasfm.com\/noticias\/importante-operativo-policial-en-general-alvear-seis-allanamientos-motos-secuestradas-y-un-detenido\/","title":{"rendered":"IMPORTANTE OPERATIVO POLICIAL EN GENERAL ALVEAR: SEIS ALLANAMIENTOS, MOTOS SECUESTRADAS Y UN DETENIDO"},"content":{"rendered":"<h4><strong>La Polic\u00eda de Mendoza llev\u00f3 adelante este mi\u00e9rcoles un importante operativo en distintos sectores de General Alvear, en el marco de investigaciones vinculadas a diversos hechos delictivos ocurridos recientemente en el departamento.<\/strong><\/h4>\n<p>Seg\u00fan inform\u00f3 el <strong><span style=\"color: #000000;\">Jefe de la Polic\u00eda Departamental<\/span><\/strong>, <strong><span style=\"color: #800080;\">Fernando Ludue\u00f1a<\/span><\/strong>, las medidas surgieron a partir de tareas investigativas desarrolladas por la Unidad Investigativa Local:\u00a0 <em><strong>&#8216;los resultados fueron elevados a la Fiscal\u00eda, tras analizar los elementos reunidos, la Justicia dispuso la realizaci\u00f3n de varias \u00f3rdenes de allanamiento&#8217;<\/strong><\/em>, coment\u00f3.<\/p>\n<p>Para concretar el procedimiento, se cont\u00f3 con el apoyo de diferentes <strong><span style=\"color: #800080;\">dependencias policiales<\/span><\/strong>: <em><strong>&#8216;entre ellas particip\u00f3 personal del Cuerpo de Infanter\u00eda de San Rafael, que aport\u00f3 movilidad y un pelot\u00f3n de contenci\u00f3n, adem\u00e1s de efectivos de la Secretar\u00eda Departamental de San Rafael y la recientemente inaugurada Unidad VANT, encargada de operar drones para el monitoreo a\u00e9reo de los procedimientos&#8217;<\/strong><\/em>, inform\u00f3 durante la Conferencia de Prensa.<\/p>\n<p>Hasta el momento se han realizado<strong><span style=\"color: #800080;\"> seis allanamientos<\/span><\/strong> en distintos barrios de la ciudad, con resultados positivos, adem\u00e1s una <strong><span style=\"color: #800080;\">persona fue detenida<\/span><\/strong> por disposici\u00f3n de la Fiscal\u00eda.<\/p>\n<p>Los <strong><span style=\"color: #800080;\">operativos continuar\u00e1n durante la jornada<\/span><\/strong> y que, una vez finalizadas todas las medidas, se difundir\u00e1 un comunicado oficial con el detalle completo de los resultados obtenidos.<\/p>\n<p>&nbsp;<\/p>\n","protected":false},"excerpt":{"rendered":"<p>La Polic\u00eda de Mendoza llev\u00f3 adelante este mi\u00e9rcoles un importante operativo en distintos sectores de General Alvear, en el marco de &#8230;<\/p>\n","protected":false},"author":7,"featured_media":144030,"comment_status":"open","ping_status":"open","sticky":false,"template":"","format":"standard","meta":{"footnotes":""},"categories":[5,4],"tags":[],"class_list":["post-160878","post","type-post","status-publish","format-standard","has-post-thumbnail","hentry","category-actualidad","category-policiales"],"_links":{"self":[{"href":"https:\/\/vinasfm.com\/noticias\/wp-json\/wp\/v2\/posts\/160878","targetHints":{"allow":["GET"]}}],"collection":[{"href":"https:\/\/vinasfm.com\/noticias\/wp-json\/wp\/v2\/posts"}],"about":[{"href":"https:\/\/vinasfm.com\/noticias\/wp-json\/wp\/v2\/types\/post"}],"author":[{"embeddable":true,"href":"https:\/\/vinasfm.com\/noticias\/wp-json\/wp\/v2\/users\/7"}],"replies":[{"embeddable":true,"href":"https:\/\/vinasfm.com\/noticias\/wp-json\/wp\/v2\/comments?post=160878"}],"version-history":[{"count":1,"href":"https:\/\/vinasfm.com\/noticias\/wp-json\/wp\/v2\/posts\/160878\/revisions"}],"predecessor-version":[{"id":160879,"href":"https:\/\/vinasfm.com\/noticias\/wp-json\/wp\/v2\/posts\/160878\/revisions\/160879"}],"wp:featuredmedia":[{"embeddable":true,"href":"https:\/\/vinasfm.com\/noticias\/wp-json\/wp\/v2\/media\/144030"}],"wp:attachment":[{"href":"https:\/\/vinasfm.com\/noticias\/wp-json\/wp\/v2\/media?parent=160878"}],"wp:term":[{"taxonomy":"category","embeddable":true,"href":"https:\/\/vinasfm.com\/noticias\/wp-json\/wp\/v2\/categories?post=160878"},{"taxonomy":"post_tag","embeddable":true,"href":"https:\/\/vinasfm.com\/noticias\/wp-json\/wp\/v2\/tags?post=160878"}],"curies":[{"name":"wp","href":"https:\/\/api.w.org\/{rel}","templated":true}]}}