{"id":160872,"date":"2026-06-03T11:35:45","date_gmt":"2026-06-03T14:35:45","guid":{"rendered":"https:\/\/vinasfm.com\/noticias\/?p=160872"},"modified":"2026-06-04T10:17:32","modified_gmt":"2026-06-04T13:17:32","slug":"educacion-llega-a-general-alvear-una-nueva-capacitacion-internacional","status":"publish","type":"post","link":"https:\/\/vinasfm.com\/noticias\/educacion-llega-a-general-alvear-una-nueva-capacitacion-internacional\/","title":{"rendered":"EDUCACI\u00d3N: LLEG\u00c1 A GENERAL ALVEAR UNA NUEVA CAPACITACI\u00d3N INTERNACIONAL"},"content":{"rendered":"<h4><strong>El director de Educaci\u00f3n Jos\u00e9 Mor\u00e1n, brind\u00f3 informaci\u00f3n sobre la capacitaci\u00f3n internacional gratuita desarrollada junto a Fundaci\u00f3n Movistar e Iberotech: \u201cHacke\u00e1 tu mente, lider\u00e1 tu futuro\u201d.<\/strong><\/h4>\n<p>El curso, <strong><span style=\"color: #800080;\">destinado a j\u00f3venes y adultos<\/span><\/strong>, se dictar\u00e1 de manera virtual y contar\u00e1 con certificaci\u00f3n internacional.<\/p>\n<p>La propuesta apunta al <strong><span style=\"color: #800080;\">desarrollo de habilidades personales<\/span><\/strong>, <strong><span style=\"color: #800080;\">profesionales<\/span><\/strong> y de <strong><span style=\"color: #800080;\">liderazgo<\/span><\/strong>, brindando herramientas para el trabajo en equipo y el crecimiento laboral.<\/p>\n<p><a href=\"https:\/\/vinasfm.com\/noticias\/wp-content\/uploads\/2026\/06\/IMG-20260603-WA0033.jpg\"><img loading=\"lazy\" decoding=\"async\" class=\"alignnone size-large wp-image-160875\" src=\"https:\/\/vinasfm.com\/noticias\/wp-content\/uploads\/2026\/06\/IMG-20260603-WA0033-819x1024.jpg\" alt=\"\" width=\"819\" height=\"1024\" srcset=\"https:\/\/vinasfm.com\/noticias\/wp-content\/uploads\/2026\/06\/IMG-20260603-WA0033-819x1024.jpg 819w, https:\/\/vinasfm.com\/noticias\/wp-content\/uploads\/2026\/06\/IMG-20260603-WA0033-240x300.jpg 240w, https:\/\/vinasfm.com\/noticias\/wp-content\/uploads\/2026\/06\/IMG-20260603-WA0033-768x960.jpg 768w, https:\/\/vinasfm.com\/noticias\/wp-content\/uploads\/2026\/06\/IMG-20260603-WA0033-1229x1536.jpg 1229w, https:\/\/vinasfm.com\/noticias\/wp-content\/uploads\/2026\/06\/IMG-20260603-WA0033.jpg 1280w\" sizes=\"auto, (max-width: 819px) 100vw, 819px\" \/><\/a><\/p>\n<p>Las inscripciones estar\u00e1n abiertas hasta el 12 de junio a trav\u00e9s del siguiente enlace https:<a href=\"http:\/\/BECAS IBEROTECH\">\/\/becas-iberotech.stdst.site\/movistar<\/a> o en la Direcci\u00f3n de Educaci\u00f3n, Chapeaurouge y Zeballos.<\/p>\n<p>Adem\u00e1s, se confirm\u00f3 la llegada de una nueva aula m\u00f3vil de inform\u00e1tica al departamento, donde se ofrecer\u00e1n capacitaciones en operador de PC, Excel y reparaci\u00f3n de celulares, entre otras propuestas orientadas a mejorar la empleabilidad de los vecinos.<\/p>\n","protected":false},"excerpt":{"rendered":"<p>El director de Educaci\u00f3n Jos\u00e9 Mor\u00e1n, brind\u00f3 informaci\u00f3n sobre la capacitaci\u00f3n internacional gratuita desarrollada junto a Fundaci\u00f3n Movistar e Iberotech: \u201cHacke\u00e1 &#8230;<\/p>\n","protected":false},"author":7,"featured_media":160876,"comment_status":"open","ping_status":"open","sticky":false,"template":"","format":"standard","meta":{"footnotes":""},"categories":[5,18],"tags":[],"class_list":["post-160872","post","type-post","status-publish","format-standard","has-post-thumbnail","hentry","category-actualidad","category-educacion"],"_links":{"self":[{"href":"https:\/\/vinasfm.com\/noticias\/wp-json\/wp\/v2\/posts\/160872","targetHints":{"allow":["GET"]}}],"collection":[{"href":"https:\/\/vinasfm.com\/noticias\/wp-json\/wp\/v2\/posts"}],"about":[{"href":"https:\/\/vinasfm.com\/noticias\/wp-json\/wp\/v2\/types\/post"}],"author":[{"embeddable":true,"href":"https:\/\/vinasfm.com\/noticias\/wp-json\/wp\/v2\/users\/7"}],"replies":[{"embeddable":true,"href":"https:\/\/vinasfm.com\/noticias\/wp-json\/wp\/v2\/comments?post=160872"}],"version-history":[{"count":2,"href":"https:\/\/vinasfm.com\/noticias\/wp-json\/wp\/v2\/posts\/160872\/revisions"}],"predecessor-version":[{"id":160877,"href":"https:\/\/vinasfm.com\/noticias\/wp-json\/wp\/v2\/posts\/160872\/revisions\/160877"}],"wp:featuredmedia":[{"embeddable":true,"href":"https:\/\/vinasfm.com\/noticias\/wp-json\/wp\/v2\/media\/160876"}],"wp:attachment":[{"href":"https:\/\/vinasfm.com\/noticias\/wp-json\/wp\/v2\/media?parent=160872"}],"wp:term":[{"taxonomy":"category","embeddable":true,"href":"https:\/\/vinasfm.com\/noticias\/wp-json\/wp\/v2\/categories?post=160872"},{"taxonomy":"post_tag","embeddable":true,"href":"https:\/\/vinasfm.com\/noticias\/wp-json\/wp\/v2\/tags?post=160872"}],"curies":[{"name":"wp","href":"https:\/\/api.w.org\/{rel}","templated":true}]}}