{"id":160865,"date":"2026-06-03T10:24:56","date_gmt":"2026-06-03T13:24:56","guid":{"rendered":"https:\/\/vinasfm.com\/noticias\/?p=160865"},"modified":"2026-06-04T09:56:41","modified_gmt":"2026-06-04T12:56:41","slug":"fabio-paez-a-11-anos-del-femicidio-de-su-hija-chiara-tenemos-el-mismo-dolor-que-el-primer-dia","status":"publish","type":"post","link":"https:\/\/vinasfm.com\/noticias\/fabio-paez-a-11-anos-del-femicidio-de-su-hija-chiara-tenemos-el-mismo-dolor-que-el-primer-dia\/","title":{"rendered":"FABIO P\u00c1EZ A 11 A\u00d1OS DEL FEMICIDIO DE SU HIJA CHIARA: &#8216;TENEMOS EL MISMO DOLOR QUE EL PRIMER D\u00cdA&#8217;"},"content":{"rendered":"<h4><strong>La madrugada del 10 de mayo de 2015, mientras gran parte de la ciudad santafesina de Rufino dorm\u00eda, una adolescente de apenas 14 a\u00f1os desaparec\u00eda sin dejar rastros. Se llamaba Chiara P\u00e1ez.<\/strong><\/h4>\n<p>El asesinato de Chiara no fue un femicidio m\u00e1s. Fue el caso que atraves\u00f3 al pa\u00eds entero. El que provoc\u00f3 indignaci\u00f3n, dolor y una movilizaci\u00f3n in\u00e9dita. El que dio origen al movimiento\u00a0<b><span style=\"color: #800080;\">Ni Una Menos<\/span>.<\/b><\/p>\n<p class=\"paragraph\" data-mrf-recirculation=\"Links inline\"><b><span style=\"color: #800080;\">Rufino entero se moviliz\u00f3<\/span>.<\/b>\u00a0Vecinos, polic\u00edas, familiares y amigos participaron de los rastrillajes. Mientras tanto, Manuel Mansilla actuaba como si nada hubiera ocurrido. Uno de los aspectos que m\u00e1s indign\u00f3 posteriormente a los padres de Chiara fue la conducta del joven tras el asesinato: la mentira.<\/p>\n<p class=\"paragraph\" data-mrf-recirculation=\"Links inline\">De acuerdo con el relato de la madre de la v\u00edctima, Manuel lleg\u00f3 incluso a comunicarse con ella para preguntarle si Chiara hab\u00eda regresado a su casa. Era una actuaci\u00f3n fr\u00eda y calculada. Seg\u00fan la reconstrucci\u00f3n judicial, para ese momento<b>\u00a0<span style=\"color: #800080;\">Chiara ya estaba muerta<\/span>.<\/b><\/p>\n<p data-mrf-recirculation=\"Links inline\">En di\u00e1logo con <strong><span style=\"color: #800080;\">FM VI\u00d1AS<\/span><\/strong>, Fabio Pa\u00e9z, padre de Chiara expres\u00f3 como se vive despu\u00e9s de 11 a\u00f1os\u00a0 del Femicidio de su hija: <strong>&#8216;es una fecha que para nosotros tiene una mezcla de sensaciones, por un lado tristeza y dolor, y por otro lado orgullo por todo lo que representa Chiara hoy en la lucha contra los femicidios &#8216;<\/strong>, agreg\u00f3.<\/p>\n<p data-mrf-recirculation=\"Links inline\">Durante la entrevista, record\u00f3 que el <strong><span style=\"color: #800080;\">principal acusado<\/span><\/strong> fue quien era <strong><span style=\"color: #800080;\">novio de Chiara<\/span><\/strong> en ese momento, aunque sostuvo que nunca crey\u00f3 que hubiera actuado solo: <em><strong>&#8216;no tenemos dudas de que hubo m\u00e1s personas involucradas, nunca pudo demostrar c\u00f3mo hizo todo lo que dijo haber hecho por s\u00ed mismo&#8217;<\/strong><\/em>, afirm\u00f3.<\/p>\n<p data-pm-slice=\"1 1 []\">Para la familia, el <strong><span style=\"color: #800080;\">m\u00f3vil del crimen<\/span><\/strong> estuvo relacionado con el <strong><span style=\"color: #800080;\">embarazo de la adolescente<\/span><\/strong> y su decisi\u00f3n de continuar con la gestaci\u00f3n: <em><strong>&#8216;yo no tengo dudas de que la asesinaron por estar embarazada y por querer tener a su hijo&#8217;<\/strong><\/em>, manifest\u00f3.<\/p>\n<p><strong><span style=\"color: #800080;\">Fabio<\/span><\/strong>\u00a0cuestion\u00f3 la <strong><span style=\"color: #800080;\">reducci\u00f3n de la condena<\/span><\/strong> al responsable del femicidio, inicialmente hab\u00eda sido condenado a 21 a\u00f1os y seis meses de prisi\u00f3n, pero posteriormente la pena fue reducida a 15 a\u00f1os por decisi\u00f3n de la Corte Suprema de Santa Fe:<em><strong> &#8216;en ese momento advert\u00ed que era una decisi\u00f3n muy peligrosa, hoy est\u00e1n utilizando la causa de Chiara como jurisprudencia para pedir reducciones de pena en otros casos de menores que cometieron homicidios&#8217;<\/strong><\/em>, sostuvo.<\/p>\n<p>Desde hace una d\u00e9cada, <strong><span style=\"color: #800080;\">Fabio reside en General Alvear junto a sus hijos<\/span><\/strong> Delfina y Manuel, eligi\u00f3 radicarse en la ciudad por sus ra\u00edces familiares y para alejar a sus hijos del dolor y la violencia que viv\u00edan en Rufino tras el crimen de Chiara y el fallecimiento de la madre de los j\u00f3venes.<\/p>\n<p data-pm-slice=\"1 1 []\">\n","protected":false},"excerpt":{"rendered":"<p>La madrugada del 10 de mayo de 2015, mientras gran parte de la ciudad santafesina de Rufino dorm\u00eda, una adolescente de &#8230;<\/p>\n","protected":false},"author":7,"featured_media":160867,"comment_status":"open","ping_status":"open","sticky":false,"template":"","format":"standard","meta":{"footnotes":""},"categories":[5,10],"tags":[],"class_list":["post-160865","post","type-post","status-publish","format-standard","has-post-thumbnail","hentry","category-actualidad","category-destacadas"],"_links":{"self":[{"href":"https:\/\/vinasfm.com\/noticias\/wp-json\/wp\/v2\/posts\/160865","targetHints":{"allow":["GET"]}}],"collection":[{"href":"https:\/\/vinasfm.com\/noticias\/wp-json\/wp\/v2\/posts"}],"about":[{"href":"https:\/\/vinasfm.com\/noticias\/wp-json\/wp\/v2\/types\/post"}],"author":[{"embeddable":true,"href":"https:\/\/vinasfm.com\/noticias\/wp-json\/wp\/v2\/users\/7"}],"replies":[{"embeddable":true,"href":"https:\/\/vinasfm.com\/noticias\/wp-json\/wp\/v2\/comments?post=160865"}],"version-history":[{"count":1,"href":"https:\/\/vinasfm.com\/noticias\/wp-json\/wp\/v2\/posts\/160865\/revisions"}],"predecessor-version":[{"id":160866,"href":"https:\/\/vinasfm.com\/noticias\/wp-json\/wp\/v2\/posts\/160865\/revisions\/160866"}],"wp:featuredmedia":[{"embeddable":true,"href":"https:\/\/vinasfm.com\/noticias\/wp-json\/wp\/v2\/media\/160867"}],"wp:attachment":[{"href":"https:\/\/vinasfm.com\/noticias\/wp-json\/wp\/v2\/media?parent=160865"}],"wp:term":[{"taxonomy":"category","embeddable":true,"href":"https:\/\/vinasfm.com\/noticias\/wp-json\/wp\/v2\/categories?post=160865"},{"taxonomy":"post_tag","embeddable":true,"href":"https:\/\/vinasfm.com\/noticias\/wp-json\/wp\/v2\/tags?post=160865"}],"curies":[{"name":"wp","href":"https:\/\/api.w.org\/{rel}","templated":true}]}}