{"id":160863,"date":"2026-06-03T09:54:59","date_gmt":"2026-06-03T12:54:59","guid":{"rendered":"https:\/\/vinasfm.com\/noticias\/?p=160863"},"modified":"2026-06-04T09:30:07","modified_gmt":"2026-06-04T12:30:07","slug":"robaron-una-escalera-de-una-obra-en-construccion","status":"publish","type":"post","link":"https:\/\/vinasfm.com\/noticias\/robaron-una-escalera-de-una-obra-en-construccion\/","title":{"rendered":"ROBARON UNA ESCALERA DE UNA OBRA EN CONSTRUCCI\u00d3N"},"content":{"rendered":"<h4><strong>Un nuevo hecho de inseguridad fue denunciado en nuestro departamento, el episodio ocurri\u00f3 en una vivienda ubicada en la intersecci\u00f3n de calles Corrientes Sur y Bah\u00eda Blanca.<\/strong><\/h4>\n<p>Seg\u00fan inform\u00f3 la v\u00edctima, un hombre de <strong><span style=\"color: #800080;\">55 a\u00f1os<\/span><\/strong> identificado como <strong><span style=\"color: #800080;\">V.C.V<\/span><\/strong>., hab\u00eda dejado una escalera de hierro color rojizo de aproximadamente 2,80 metros de largo en el patio trasero de una propiedad donde se encontraba realizando tareas de construcci\u00f3n.<\/p>\n<p data-start=\"582\" data-end=\"773\">Al regresar al lugar, constat\u00f3 que el elemento hab\u00eda sido sustra\u00eddo, el damnificado manifest\u00f3 desconocer qui\u00e9nes podr\u00edan ser los autores del hecho, as\u00ed como tambi\u00e9n el destino de la escalera.<\/p>\n<p data-start=\"775\" data-end=\"927\" data-is-last-node=\"\" data-is-only-node=\"\">La denuncia fue radicada y se iniciaron las actuaciones correspondientes para intentar esclarecer lo sucedido y dar con el paradero del elemento robado.<\/p>\n","protected":false},"excerpt":{"rendered":"<p>Un nuevo hecho de inseguridad fue denunciado en nuestro departamento, el episodio ocurri\u00f3 en una vivienda ubicada en la intersecci\u00f3n de &#8230;<\/p>\n","protected":false},"author":7,"featured_media":33023,"comment_status":"open","ping_status":"open","sticky":false,"template":"","format":"standard","meta":{"footnotes":""},"categories":[5,4],"tags":[],"class_list":["post-160863","post","type-post","status-publish","format-standard","has-post-thumbnail","hentry","category-actualidad","category-policiales"],"_links":{"self":[{"href":"https:\/\/vinasfm.com\/noticias\/wp-json\/wp\/v2\/posts\/160863","targetHints":{"allow":["GET"]}}],"collection":[{"href":"https:\/\/vinasfm.com\/noticias\/wp-json\/wp\/v2\/posts"}],"about":[{"href":"https:\/\/vinasfm.com\/noticias\/wp-json\/wp\/v2\/types\/post"}],"author":[{"embeddable":true,"href":"https:\/\/vinasfm.com\/noticias\/wp-json\/wp\/v2\/users\/7"}],"replies":[{"embeddable":true,"href":"https:\/\/vinasfm.com\/noticias\/wp-json\/wp\/v2\/comments?post=160863"}],"version-history":[{"count":1,"href":"https:\/\/vinasfm.com\/noticias\/wp-json\/wp\/v2\/posts\/160863\/revisions"}],"predecessor-version":[{"id":160864,"href":"https:\/\/vinasfm.com\/noticias\/wp-json\/wp\/v2\/posts\/160863\/revisions\/160864"}],"wp:featuredmedia":[{"embeddable":true,"href":"https:\/\/vinasfm.com\/noticias\/wp-json\/wp\/v2\/media\/33023"}],"wp:attachment":[{"href":"https:\/\/vinasfm.com\/noticias\/wp-json\/wp\/v2\/media?parent=160863"}],"wp:term":[{"taxonomy":"category","embeddable":true,"href":"https:\/\/vinasfm.com\/noticias\/wp-json\/wp\/v2\/categories?post=160863"},{"taxonomy":"post_tag","embeddable":true,"href":"https:\/\/vinasfm.com\/noticias\/wp-json\/wp\/v2\/tags?post=160863"}],"curies":[{"name":"wp","href":"https:\/\/api.w.org\/{rel}","templated":true}]}}