{"id":160838,"date":"2026-06-02T11:42:48","date_gmt":"2026-06-02T14:42:48","guid":{"rendered":"https:\/\/vinasfm.com\/noticias\/?p=160838"},"modified":"2026-06-03T10:24:52","modified_gmt":"2026-06-03T13:24:52","slug":"alvear-oeste-se-prepara-para-recibir-la-primera-fecha-del-campeonato-de-pruebas-de-calle","status":"publish","type":"post","link":"https:\/\/vinasfm.com\/noticias\/alvear-oeste-se-prepara-para-recibir-la-primera-fecha-del-campeonato-de-pruebas-de-calle\/","title":{"rendered":"ALVEAR OESTE SE PREPAR\u00c1 PARA RECIBIR LA PRIMERA FECHA DEL CAMPEONATO DE PRUEBAS DE CALLE"},"content":{"rendered":"<p>Este domingo 7 de junio se disputar\u00e1 en Alvear Oeste la primera fecha del Campeonato de Pruebas de Calle: \u201cCarrera de la Bandera\u201d, un evento que reunir\u00e1 a corredores locales y visitantes de distintos puntos de Mendoza y provincias vecinas.<\/p>\n<p>La actividad comenzar\u00e1 a las 13 horas con las categor\u00edas infantiles, mientras que a las 14 horas ser\u00e1 la largada de las competencias principales de 5K y 10K.<\/p>\n<p>Las inscripciones contin\u00faan abiertas en el siguiente link: atletismo <a href=\"http:\/\/Inscripciones\">.alvearmendoza.gob.ar.<\/a><\/p>\n","protected":false},"excerpt":{"rendered":"<p>Este domingo 7 de junio se disputar\u00e1 en Alvear Oeste la primera fecha del Campeonato de Pruebas de Calle: \u201cCarrera de &#8230;<\/p>\n","protected":false},"author":7,"featured_media":11095,"comment_status":"open","ping_status":"open","sticky":false,"template":"","format":"standard","meta":{"footnotes":""},"categories":[5,3],"tags":[],"class_list":["post-160838","post","type-post","status-publish","format-standard","has-post-thumbnail","hentry","category-actualidad","category-deportes"],"_links":{"self":[{"href":"https:\/\/vinasfm.com\/noticias\/wp-json\/wp\/v2\/posts\/160838","targetHints":{"allow":["GET"]}}],"collection":[{"href":"https:\/\/vinasfm.com\/noticias\/wp-json\/wp\/v2\/posts"}],"about":[{"href":"https:\/\/vinasfm.com\/noticias\/wp-json\/wp\/v2\/types\/post"}],"author":[{"embeddable":true,"href":"https:\/\/vinasfm.com\/noticias\/wp-json\/wp\/v2\/users\/7"}],"replies":[{"embeddable":true,"href":"https:\/\/vinasfm.com\/noticias\/wp-json\/wp\/v2\/comments?post=160838"}],"version-history":[{"count":1,"href":"https:\/\/vinasfm.com\/noticias\/wp-json\/wp\/v2\/posts\/160838\/revisions"}],"predecessor-version":[{"id":160839,"href":"https:\/\/vinasfm.com\/noticias\/wp-json\/wp\/v2\/posts\/160838\/revisions\/160839"}],"wp:featuredmedia":[{"embeddable":true,"href":"https:\/\/vinasfm.com\/noticias\/wp-json\/wp\/v2\/media\/11095"}],"wp:attachment":[{"href":"https:\/\/vinasfm.com\/noticias\/wp-json\/wp\/v2\/media?parent=160838"}],"wp:term":[{"taxonomy":"category","embeddable":true,"href":"https:\/\/vinasfm.com\/noticias\/wp-json\/wp\/v2\/categories?post=160838"},{"taxonomy":"post_tag","embeddable":true,"href":"https:\/\/vinasfm.com\/noticias\/wp-json\/wp\/v2\/tags?post=160838"}],"curies":[{"name":"wp","href":"https:\/\/api.w.org\/{rel}","templated":true}]}}