{"id":160825,"date":"2026-06-01T20:48:48","date_gmt":"2026-06-01T23:48:48","guid":{"rendered":"https:\/\/vinasfm.com\/noticias\/?p=160825"},"modified":"2026-06-02T12:10:16","modified_gmt":"2026-06-02T15:10:16","slug":"tarifa-electrica-quienes-recibiran-un-descuento-extra-en-las-facturas-de-junio-en-mendoza","status":"publish","type":"post","link":"https:\/\/vinasfm.com\/noticias\/tarifa-electrica-quienes-recibiran-un-descuento-extra-en-las-facturas-de-junio-en-mendoza\/","title":{"rendered":"TARIFA EL\u00c9CTRICA: QUI\u00c9NES RECIBIR\u00c1N UN DESCUENTO EXTRA EN LAS FACTURAS DE JUNIO EN MENDOZA"},"content":{"rendered":"<h4><strong>El beneficio alcanza a hogares con subsidios energ\u00e9ticos y a entidades sin fines de lucro. La bonificaci\u00f3n permitir\u00e1 reducir el impacto del mayor consumo el\u00e9ctrico durante el invierno.<\/strong><\/h4>\n<p>Los usuarios mendocinos que reciben subsidios energ\u00e9ticos tendr\u00e1n un alivio adicional en las facturas de electricidad que lleguen durante junio. El beneficio fue dispuesto por el Gobierno nacional y aplicado en la provincia a trav\u00e9s del Ente Provincial Regulador El\u00e9ctrico (EPRE), que aprob\u00f3 nuevos cuadros en la tarifa el\u00e9ctrica con una bonificaci\u00f3n extraordinaria para los sectores alcanzados.<\/p>\n<p>La medida implica un descuento adicional del 11,97% sobre el consumo base subsidiado de hasta 300 kWh mensuales. De esta manera, los usuarios incluidos en el R\u00e9gimen de Subsidios Energ\u00e9ticos Focalizados (SEF) pasar\u00e1n a contar con una bonificaci\u00f3n total cercana al 62% sobre ese bloque de consumo.<\/p>\n<p>Seg\u00fan inform\u00f3 el EPRE mediante la Resoluci\u00f3n N\u00b0 111\/2026, que aprob\u00f3 los nuevos cuadros tarifarios para el per\u00edodo junio, en el marco de la actualizaci\u00f3n de los subsidios energ\u00e9ticos; para el resto de los usuarios residenciales la tarifa el\u00e9ctrica no registrar\u00e1 modificaciones durante junio.<\/p>\n<p>&nbsp;<\/p>\n<p>A qui\u00e9nes alcanza el nuevo beneficio<\/p>\n<p>El descuento extraordinario est\u00e1 destinado a los hogares que actualmente forman parte del R\u00e9gimen de Subsidios Energ\u00e9ticos Focalizados, el esquema nacional que segmenta las ayudas estatales seg\u00fan el nivel de ingresos de cada grupo familiar.<\/p>\n<p>Adem\u00e1s, la bonificaci\u00f3n tambi\u00e9n ser\u00e1 aplicada a entidades sin fines de lucro que se encuentren registradas dentro del sistema de subsidios, entre ellas clubes de barrio, asociaciones civiles y organizaciones de bien p\u00fablico.<\/p>\n<p>&nbsp;<\/p>\n<p>Desde el organismo provincial explicaron que las distribuidoras el\u00e9ctricas deber\u00e1n reflejar autom\u00e1ticamente el beneficio en las facturas correspondientes al per\u00edodo junio.<\/p>\n<p>&nbsp;<\/p>\n<p>Por qu\u00e9 se otorga el descuento adicional<\/p>\n<p>La decisi\u00f3n surge a partir de la Resoluci\u00f3n 121\/2026 de la Secretar\u00eda de Energ\u00eda de la Naci\u00f3n, que estableci\u00f3 un refuerzo temporal de los subsidios ante el incremento del consumo el\u00e9ctrico que suele registrarse durante los meses m\u00e1s fr\u00edos del a\u00f1o.<\/p>\n<p>&nbsp;<\/p>\n<p>El objetivo es amortiguar el impacto de las facturas en los sectores de menores ingresos en un contexto de aumento de la demanda energ\u00e9tica por calefacci\u00f3n y otros usos vinculados al invierno.<\/p>\n<p>&nbsp;<\/p>\n<p>De acuerdo con lo dispuesto por Naci\u00f3n, la medida busca mantener criterios de gradualidad y previsibilidad en la actualizaci\u00f3n de tarifas, al tiempo que preserva la asistencia a los usuarios m\u00e1s vulnerables.<\/p>\n<p>&nbsp;<\/p>\n<p>C\u00f3mo acceder al subsidio energ\u00e9tico<\/p>\n<p>El registro para solicitar la inclusi\u00f3n en el R\u00e9gimen de Subsidios Energ\u00e9ticos Focalizados contin\u00faa abierto.<\/p>\n<p>&nbsp;<\/p>\n<p>Pueden acceder los hogares cuyos ingresos mensuales no superen el equivalente a tres Canastas B\u00e1sicas Totales. Seg\u00fan los \u00faltimos datos disponibles del Indec correspondientes a abril de 2026, ese l\u00edmite se ubica en $4.409.304 mensuales.<\/p>\n<p>&nbsp;<\/p>\n<p>Tambi\u00e9n pueden solicitar el beneficio quienes cuenten con:<\/p>\n<p>&nbsp;<\/p>\n<p>Certificado de Vivienda Familiar del Registro Nacional de Barrios Populares (ReNaBaP).<\/p>\n<p>Certificado \u00danico de Discapacidad (CUD).<\/p>\n<p>Condici\u00f3n de veterano de la Guerra de Malvinas.<\/p>\n<p>La inscripci\u00f3n puede realizarse a trav\u00e9s de los sitios oficiales habilitados por Naci\u00f3n y por el EPRE.<\/p>\n<p>&nbsp;<\/p>\n<p>https:\/\/www.argentina.gob.ar\/subsidios<\/p>\n<blockquote class=\"wp-embedded-content\" data-secret=\"ejBOphi1yu\"><p><a href=\"https:\/\/epremendoza.gob.ar\/resef\/\">Segmentaci\u00f3n Tarifaria<\/a><\/p><\/blockquote>\n<p><iframe loading=\"lazy\" class=\"wp-embedded-content\" sandbox=\"allow-scripts\" security=\"restricted\" style=\"position: absolute; visibility: hidden;\" title=\"&#8220;Segmentaci\u00f3n Tarifaria&#8221; &#8212; Epre Mendoza\" src=\"https:\/\/epremendoza.gob.ar\/resef\/embed\/#?secret=2hTNb1CLgp#?secret=ejBOphi1yu\" data-secret=\"ejBOphi1yu\" width=\"600\" height=\"338\" frameborder=\"0\" marginwidth=\"0\" marginheight=\"0\" scrolling=\"no\"><\/iframe><\/p>\n<p>Qu\u00e9 impacto tendr\u00e1 en las facturas de junio<\/p>\n<p style=\"padding-left: 40px;\">La bonificaci\u00f3n extraordinaria se aplicar\u00e1 exclusivamente sobre el consumo base subsidiado de hasta 300 kWh mensuales. Esto significa que los usuarios alcanzados ver\u00e1n una reducci\u00f3n en el monto final de sus facturas respecto de lo que hubieran abonado sin este refuerzo temporal.<\/p>\n<p>Desde el EPRE se\u00f1alaron que la medida tiene car\u00e1cter extraordinario y responde a la necesidad de acompa\u00f1ar a los sectores beneficiarios durante el per\u00edodo de mayor demanda el\u00e9ctrica del a\u00f1o.<\/p>\n","protected":false},"excerpt":{"rendered":"<p>El beneficio alcanza a hogares con subsidios energ\u00e9ticos y a entidades sin fines de lucro. La bonificaci\u00f3n permitir\u00e1 reducir el impacto &#8230;<\/p>\n","protected":false},"author":7,"featured_media":132325,"comment_status":"open","ping_status":"open","sticky":false,"template":"","format":"standard","meta":{"footnotes":""},"categories":[5,10],"tags":[],"class_list":["post-160825","post","type-post","status-publish","format-standard","has-post-thumbnail","hentry","category-actualidad","category-destacadas"],"_links":{"self":[{"href":"https:\/\/vinasfm.com\/noticias\/wp-json\/wp\/v2\/posts\/160825","targetHints":{"allow":["GET"]}}],"collection":[{"href":"https:\/\/vinasfm.com\/noticias\/wp-json\/wp\/v2\/posts"}],"about":[{"href":"https:\/\/vinasfm.com\/noticias\/wp-json\/wp\/v2\/types\/post"}],"author":[{"embeddable":true,"href":"https:\/\/vinasfm.com\/noticias\/wp-json\/wp\/v2\/users\/7"}],"replies":[{"embeddable":true,"href":"https:\/\/vinasfm.com\/noticias\/wp-json\/wp\/v2\/comments?post=160825"}],"version-history":[{"count":1,"href":"https:\/\/vinasfm.com\/noticias\/wp-json\/wp\/v2\/posts\/160825\/revisions"}],"predecessor-version":[{"id":160826,"href":"https:\/\/vinasfm.com\/noticias\/wp-json\/wp\/v2\/posts\/160825\/revisions\/160826"}],"wp:featuredmedia":[{"embeddable":true,"href":"https:\/\/vinasfm.com\/noticias\/wp-json\/wp\/v2\/media\/132325"}],"wp:attachment":[{"href":"https:\/\/vinasfm.com\/noticias\/wp-json\/wp\/v2\/media?parent=160825"}],"wp:term":[{"taxonomy":"category","embeddable":true,"href":"https:\/\/vinasfm.com\/noticias\/wp-json\/wp\/v2\/categories?post=160825"},{"taxonomy":"post_tag","embeddable":true,"href":"https:\/\/vinasfm.com\/noticias\/wp-json\/wp\/v2\/tags?post=160825"}],"curies":[{"name":"wp","href":"https:\/\/api.w.org\/{rel}","templated":true}]}}