{"id":160799,"date":"2026-06-01T10:41:32","date_gmt":"2026-06-01T13:41:32","guid":{"rendered":"https:\/\/vinasfm.com\/noticias\/?p=160799"},"modified":"2026-06-02T11:42:47","modified_gmt":"2026-06-02T14:42:47","slug":"se-llevo-adelante-una-capacitacion-en-comunicacion-estrategica-y-storytellings-visual","status":"publish","type":"post","link":"https:\/\/vinasfm.com\/noticias\/se-llevo-adelante-una-capacitacion-en-comunicacion-estrategica-y-storytellings-visual\/","title":{"rendered":"SE LLEV\u00d3 ADELANTE UNA CAPACITACI\u00d3N EN COMUNICACI\u00d3N ESTRAT\u00c9GICA Y STORYTELLINGS VISUAL"},"content":{"rendered":"<h4><strong>El fin de semana, se desarroll\u00f3 la capacitaci\u00f3n \u201cNarrativa Estrat\u00e9gica y Storytelling Visual 360\u00b0\u201d en el Polo Educativo Superior de General Alvear, organizada por la Universidad Nacional de Cuyo (UNCuyo) y la Municipalidad de General Alvear.<\/strong><\/h4>\n<p><a href=\"https:\/\/vinasfm.com\/noticias\/wp-content\/uploads\/2026\/06\/IMG-20260601-WA0031.jpg\"><img loading=\"lazy\" decoding=\"async\" class=\"alignnone size-large wp-image-160803\" src=\"https:\/\/vinasfm.com\/noticias\/wp-content\/uploads\/2026\/06\/IMG-20260601-WA0031-1024x575.jpg\" alt=\"\" width=\"1024\" height=\"575\" srcset=\"https:\/\/vinasfm.com\/noticias\/wp-content\/uploads\/2026\/06\/IMG-20260601-WA0031-1024x575.jpg 1024w, https:\/\/vinasfm.com\/noticias\/wp-content\/uploads\/2026\/06\/IMG-20260601-WA0031-300x168.jpg 300w, https:\/\/vinasfm.com\/noticias\/wp-content\/uploads\/2026\/06\/IMG-20260601-WA0031-768x431.jpg 768w, https:\/\/vinasfm.com\/noticias\/wp-content\/uploads\/2026\/06\/IMG-20260601-WA0031-1536x862.jpg 1536w, https:\/\/vinasfm.com\/noticias\/wp-content\/uploads\/2026\/06\/IMG-20260601-WA0031-750x420.jpg 750w, https:\/\/vinasfm.com\/noticias\/wp-content\/uploads\/2026\/06\/IMG-20260601-WA0031-1140x641.jpg 1140w, https:\/\/vinasfm.com\/noticias\/wp-content\/uploads\/2026\/06\/IMG-20260601-WA0031.jpg 1600w\" sizes=\"auto, (max-width: 1024px) 100vw, 1024px\" \/><\/a><\/p>\n<p>La propuesta estuvo destinada a fortalecer habilidades comunicacionales y estuvo a cargo de la Lic. Mar\u00eda Gabriela Balls, periodista y docente de la UNCuyo.<\/p>\n<p><a href=\"https:\/\/vinasfm.com\/noticias\/wp-content\/uploads\/2026\/06\/IMG-20260601-WA0029.jpg\"><img loading=\"lazy\" decoding=\"async\" class=\"alignnone size-large wp-image-160801\" src=\"https:\/\/vinasfm.com\/noticias\/wp-content\/uploads\/2026\/06\/IMG-20260601-WA0029-1024x575.jpg\" alt=\"\" width=\"1024\" height=\"575\" srcset=\"https:\/\/vinasfm.com\/noticias\/wp-content\/uploads\/2026\/06\/IMG-20260601-WA0029-1024x575.jpg 1024w, https:\/\/vinasfm.com\/noticias\/wp-content\/uploads\/2026\/06\/IMG-20260601-WA0029-300x168.jpg 300w, https:\/\/vinasfm.com\/noticias\/wp-content\/uploads\/2026\/06\/IMG-20260601-WA0029-768x431.jpg 768w, https:\/\/vinasfm.com\/noticias\/wp-content\/uploads\/2026\/06\/IMG-20260601-WA0029-1536x862.jpg 1536w, https:\/\/vinasfm.com\/noticias\/wp-content\/uploads\/2026\/06\/IMG-20260601-WA0029-750x420.jpg 750w, https:\/\/vinasfm.com\/noticias\/wp-content\/uploads\/2026\/06\/IMG-20260601-WA0029-1140x641.jpg 1140w, https:\/\/vinasfm.com\/noticias\/wp-content\/uploads\/2026\/06\/IMG-20260601-WA0029.jpg 1600w\" sizes=\"auto, (max-width: 1024px) 100vw, 1024px\" \/><\/a><\/p>\n<p><a href=\"https:\/\/vinasfm.com\/noticias\/wp-content\/uploads\/2026\/06\/IMG-20260601-WA0034.jpg\"><img loading=\"lazy\" decoding=\"async\" class=\"alignnone size-large wp-image-160806\" src=\"https:\/\/vinasfm.com\/noticias\/wp-content\/uploads\/2026\/06\/IMG-20260601-WA0034-1024x575.jpg\" alt=\"\" width=\"1024\" height=\"575\" srcset=\"https:\/\/vinasfm.com\/noticias\/wp-content\/uploads\/2026\/06\/IMG-20260601-WA0034-1024x575.jpg 1024w, https:\/\/vinasfm.com\/noticias\/wp-content\/uploads\/2026\/06\/IMG-20260601-WA0034-300x168.jpg 300w, https:\/\/vinasfm.com\/noticias\/wp-content\/uploads\/2026\/06\/IMG-20260601-WA0034-768x431.jpg 768w, https:\/\/vinasfm.com\/noticias\/wp-content\/uploads\/2026\/06\/IMG-20260601-WA0034-1536x862.jpg 1536w, https:\/\/vinasfm.com\/noticias\/wp-content\/uploads\/2026\/06\/IMG-20260601-WA0034-750x420.jpg 750w, https:\/\/vinasfm.com\/noticias\/wp-content\/uploads\/2026\/06\/IMG-20260601-WA0034-1140x641.jpg 1140w, https:\/\/vinasfm.com\/noticias\/wp-content\/uploads\/2026\/06\/IMG-20260601-WA0034.jpg 1600w\" sizes=\"auto, (max-width: 1024px) 100vw, 1024px\" \/><\/a><\/p>\n<p><a href=\"https:\/\/vinasfm.com\/noticias\/wp-content\/uploads\/2026\/06\/IMG-20260601-WA0032.jpg\"><img loading=\"lazy\" decoding=\"async\" class=\"alignnone size-large wp-image-160804\" src=\"https:\/\/vinasfm.com\/noticias\/wp-content\/uploads\/2026\/06\/IMG-20260601-WA0032-1024x575.jpg\" alt=\"\" width=\"1024\" height=\"575\" srcset=\"https:\/\/vinasfm.com\/noticias\/wp-content\/uploads\/2026\/06\/IMG-20260601-WA0032-1024x575.jpg 1024w, https:\/\/vinasfm.com\/noticias\/wp-content\/uploads\/2026\/06\/IMG-20260601-WA0032-300x168.jpg 300w, https:\/\/vinasfm.com\/noticias\/wp-content\/uploads\/2026\/06\/IMG-20260601-WA0032-768x431.jpg 768w, https:\/\/vinasfm.com\/noticias\/wp-content\/uploads\/2026\/06\/IMG-20260601-WA0032-1536x862.jpg 1536w, https:\/\/vinasfm.com\/noticias\/wp-content\/uploads\/2026\/06\/IMG-20260601-WA0032-750x420.jpg 750w, https:\/\/vinasfm.com\/noticias\/wp-content\/uploads\/2026\/06\/IMG-20260601-WA0032-1140x641.jpg 1140w, https:\/\/vinasfm.com\/noticias\/wp-content\/uploads\/2026\/06\/IMG-20260601-WA0032.jpg 1600w\" sizes=\"auto, (max-width: 1024px) 100vw, 1024px\" \/><\/a><\/p>\n<p><a href=\"https:\/\/vinasfm.com\/noticias\/wp-content\/uploads\/2026\/06\/IMG-20260601-WA0025.jpg\"><img loading=\"lazy\" decoding=\"async\" class=\"alignnone size-large wp-image-160811\" src=\"https:\/\/vinasfm.com\/noticias\/wp-content\/uploads\/2026\/06\/IMG-20260601-WA0025-1024x575.jpg\" alt=\"\" width=\"1024\" height=\"575\" srcset=\"https:\/\/vinasfm.com\/noticias\/wp-content\/uploads\/2026\/06\/IMG-20260601-WA0025-1024x575.jpg 1024w, https:\/\/vinasfm.com\/noticias\/wp-content\/uploads\/2026\/06\/IMG-20260601-WA0025-300x168.jpg 300w, https:\/\/vinasfm.com\/noticias\/wp-content\/uploads\/2026\/06\/IMG-20260601-WA0025-768x431.jpg 768w, https:\/\/vinasfm.com\/noticias\/wp-content\/uploads\/2026\/06\/IMG-20260601-WA0025-1536x862.jpg 1536w, https:\/\/vinasfm.com\/noticias\/wp-content\/uploads\/2026\/06\/IMG-20260601-WA0025-750x420.jpg 750w, https:\/\/vinasfm.com\/noticias\/wp-content\/uploads\/2026\/06\/IMG-20260601-WA0025-1140x641.jpg 1140w, https:\/\/vinasfm.com\/noticias\/wp-content\/uploads\/2026\/06\/IMG-20260601-WA0025.jpg 1600w\" sizes=\"auto, (max-width: 1024px) 100vw, 1024px\" \/><\/a><\/p>\n<p><a href=\"https:\/\/vinasfm.com\/noticias\/wp-content\/uploads\/2026\/06\/Comunicacion.jpeg\"><img loading=\"lazy\" decoding=\"async\" class=\"alignnone size-large wp-image-160817\" src=\"https:\/\/vinasfm.com\/noticias\/wp-content\/uploads\/2026\/06\/Comunicacion-1024x575.jpeg\" alt=\"\" width=\"1024\" height=\"575\" srcset=\"https:\/\/vinasfm.com\/noticias\/wp-content\/uploads\/2026\/06\/Comunicacion-1024x575.jpeg 1024w, https:\/\/vinasfm.com\/noticias\/wp-content\/uploads\/2026\/06\/Comunicacion-300x168.jpeg 300w, https:\/\/vinasfm.com\/noticias\/wp-content\/uploads\/2026\/06\/Comunicacion-768x431.jpeg 768w, https:\/\/vinasfm.com\/noticias\/wp-content\/uploads\/2026\/06\/Comunicacion-1536x862.jpeg 1536w, https:\/\/vinasfm.com\/noticias\/wp-content\/uploads\/2026\/06\/Comunicacion-750x420.jpeg 750w, https:\/\/vinasfm.com\/noticias\/wp-content\/uploads\/2026\/06\/Comunicacion-1140x641.jpeg 1140w, https:\/\/vinasfm.com\/noticias\/wp-content\/uploads\/2026\/06\/Comunicacion.jpeg 1600w\" sizes=\"auto, (max-width: 1024px) 100vw, 1024px\" \/><\/a><\/p>\n","protected":false},"excerpt":{"rendered":"<p>El fin de semana, se desarroll\u00f3 la capacitaci\u00f3n \u201cNarrativa Estrat\u00e9gica y Storytelling Visual 360\u00b0\u201d en el Polo Educativo Superior de General &#8230;<\/p>\n","protected":false},"author":7,"featured_media":160809,"comment_status":"open","ping_status":"open","sticky":false,"template":"","format":"standard","meta":{"footnotes":""},"categories":[5,18],"tags":[],"class_list":["post-160799","post","type-post","status-publish","format-standard","has-post-thumbnail","hentry","category-actualidad","category-educacion"],"_links":{"self":[{"href":"https:\/\/vinasfm.com\/noticias\/wp-json\/wp\/v2\/posts\/160799","targetHints":{"allow":["GET"]}}],"collection":[{"href":"https:\/\/vinasfm.com\/noticias\/wp-json\/wp\/v2\/posts"}],"about":[{"href":"https:\/\/vinasfm.com\/noticias\/wp-json\/wp\/v2\/types\/post"}],"author":[{"embeddable":true,"href":"https:\/\/vinasfm.com\/noticias\/wp-json\/wp\/v2\/users\/7"}],"replies":[{"embeddable":true,"href":"https:\/\/vinasfm.com\/noticias\/wp-json\/wp\/v2\/comments?post=160799"}],"version-history":[{"count":3,"href":"https:\/\/vinasfm.com\/noticias\/wp-json\/wp\/v2\/posts\/160799\/revisions"}],"predecessor-version":[{"id":160818,"href":"https:\/\/vinasfm.com\/noticias\/wp-json\/wp\/v2\/posts\/160799\/revisions\/160818"}],"wp:featuredmedia":[{"embeddable":true,"href":"https:\/\/vinasfm.com\/noticias\/wp-json\/wp\/v2\/media\/160809"}],"wp:attachment":[{"href":"https:\/\/vinasfm.com\/noticias\/wp-json\/wp\/v2\/media?parent=160799"}],"wp:term":[{"taxonomy":"category","embeddable":true,"href":"https:\/\/vinasfm.com\/noticias\/wp-json\/wp\/v2\/categories?post=160799"},{"taxonomy":"post_tag","embeddable":true,"href":"https:\/\/vinasfm.com\/noticias\/wp-json\/wp\/v2\/tags?post=160799"}],"curies":[{"name":"wp","href":"https:\/\/api.w.org\/{rel}","templated":true}]}}