{"id":160775,"date":"2026-06-01T09:31:50","date_gmt":"2026-06-01T12:31:50","guid":{"rendered":"https:\/\/vinasfm.com\/noticias\/?p=160775"},"modified":"2026-06-02T10:50:48","modified_gmt":"2026-06-02T13:50:48","slug":"entregaron-los-premios-del-concurso","status":"publish","type":"post","link":"https:\/\/vinasfm.com\/noticias\/entregaron-los-premios-del-concurso\/","title":{"rendered":"ENTREGARON LOS PREMIOS DEL CONCURSO AMBIENTE MODO ON"},"content":{"rendered":"<h4><strong>Los proyectos que nacieron en las aulas ya comenzaron a transformarse en acciones concretas. En el marco del concurso ambiental \u201cAmbiente Modo On\u201d, la Municipalidad de General Alvear realiz\u00f3 la entrega de los premios econ\u00f3micos a las escuelas ganadoras y cont\u00f3 con la participaci\u00f3n del Intendente Alejandro Molero. <\/strong><\/h4>\n<p>El objetivo es que puedan desarrollar durante este a\u00f1o las iniciativas socioambientales presentadas por los estudiantes.<\/p>\n<p><a href=\"https:\/\/vinasfm.com\/noticias\/wp-content\/uploads\/2026\/06\/IMG-20260601-WA0012.jpg\"><img loading=\"lazy\" decoding=\"async\" class=\"alignnone size-large wp-image-160772\" src=\"https:\/\/vinasfm.com\/noticias\/wp-content\/uploads\/2026\/06\/IMG-20260601-WA0012-1024x576.jpg\" alt=\"\" width=\"1024\" height=\"576\" srcset=\"https:\/\/vinasfm.com\/noticias\/wp-content\/uploads\/2026\/06\/IMG-20260601-WA0012-1024x576.jpg 1024w, https:\/\/vinasfm.com\/noticias\/wp-content\/uploads\/2026\/06\/IMG-20260601-WA0012-300x169.jpg 300w, https:\/\/vinasfm.com\/noticias\/wp-content\/uploads\/2026\/06\/IMG-20260601-WA0012-768x432.jpg 768w, https:\/\/vinasfm.com\/noticias\/wp-content\/uploads\/2026\/06\/IMG-20260601-WA0012-1536x864.jpg 1536w, https:\/\/vinasfm.com\/noticias\/wp-content\/uploads\/2026\/06\/IMG-20260601-WA0012-1140x641.jpg 1140w, https:\/\/vinasfm.com\/noticias\/wp-content\/uploads\/2026\/06\/IMG-20260601-WA0012.jpg 1600w\" sizes=\"auto, (max-width: 1024px) 100vw, 1024px\" \/><\/a><\/p>\n<p>La <strong>Escuela T\u00e9cnica Jorge Barraquero<\/strong> obtuvo el<strong> primer lugar<\/strong>, para avanzar con su proyecto de estaciones de reciclaje inteligentes equipadas con sensores, destinadas a fomentar la separaci\u00f3n de residuos y la educaci\u00f3n ambiental en espacios p\u00fablicos y escuelas.<\/p>\n<p><a href=\"https:\/\/vinasfm.com\/noticias\/wp-content\/uploads\/2026\/06\/IMG-20260601-WA0013.jpg\"><img loading=\"lazy\" decoding=\"async\" class=\"alignnone size-large wp-image-160773\" src=\"https:\/\/vinasfm.com\/noticias\/wp-content\/uploads\/2026\/06\/IMG-20260601-WA0013-1024x576.jpg\" alt=\"\" width=\"1024\" height=\"576\" srcset=\"https:\/\/vinasfm.com\/noticias\/wp-content\/uploads\/2026\/06\/IMG-20260601-WA0013-1024x576.jpg 1024w, https:\/\/vinasfm.com\/noticias\/wp-content\/uploads\/2026\/06\/IMG-20260601-WA0013-300x169.jpg 300w, https:\/\/vinasfm.com\/noticias\/wp-content\/uploads\/2026\/06\/IMG-20260601-WA0013-768x432.jpg 768w, https:\/\/vinasfm.com\/noticias\/wp-content\/uploads\/2026\/06\/IMG-20260601-WA0013-1536x864.jpg 1536w, https:\/\/vinasfm.com\/noticias\/wp-content\/uploads\/2026\/06\/IMG-20260601-WA0013-1140x641.jpg 1140w, https:\/\/vinasfm.com\/noticias\/wp-content\/uploads\/2026\/06\/IMG-20260601-WA0013.jpg 1600w\" sizes=\"auto, (max-width: 1024px) 100vw, 1024px\" \/><\/a><\/p>\n<p>El segundo puesto fue para la escuela la<strong><span style=\"color: #008000;\"> Escuela Nicol\u00e1s Luna<\/span><\/strong> por su proyecto \u201cGreen Maze\u201d, un laberinto construido con botellas recicladas que busca promover el aprendizaje y la conciencia ambiental en ni\u00f1os y ni\u00f1as a trav\u00e9s del juego.<\/p>\n<p><a href=\"https:\/\/vinasfm.com\/noticias\/wp-content\/uploads\/2026\/06\/IMG-20260601-WA0015.jpg\"><img loading=\"lazy\" decoding=\"async\" class=\"alignnone size-large wp-image-160771\" src=\"https:\/\/vinasfm.com\/noticias\/wp-content\/uploads\/2026\/06\/IMG-20260601-WA0015-1024x576.jpg\" alt=\"\" width=\"1024\" height=\"576\" srcset=\"https:\/\/vinasfm.com\/noticias\/wp-content\/uploads\/2026\/06\/IMG-20260601-WA0015-1024x576.jpg 1024w, https:\/\/vinasfm.com\/noticias\/wp-content\/uploads\/2026\/06\/IMG-20260601-WA0015-300x169.jpg 300w, https:\/\/vinasfm.com\/noticias\/wp-content\/uploads\/2026\/06\/IMG-20260601-WA0015-768x432.jpg 768w, https:\/\/vinasfm.com\/noticias\/wp-content\/uploads\/2026\/06\/IMG-20260601-WA0015-1536x864.jpg 1536w, https:\/\/vinasfm.com\/noticias\/wp-content\/uploads\/2026\/06\/IMG-20260601-WA0015-1140x641.jpg 1140w, https:\/\/vinasfm.com\/noticias\/wp-content\/uploads\/2026\/06\/IMG-20260601-WA0015.jpg 1600w\" sizes=\"auto, (max-width: 1024px) 100vw, 1024px\" \/><\/a><\/p>\n<p>En tanto el terce puesto fue para la <strong><span style=\"color: #ff0000;\">Escuela Enore de Monte de Bowen<\/span><\/strong>, por desarrollar un horno pirol\u00edtico capaz de transformar restos de poda y residuos org\u00e1nicos en biochar, un material que contribuye a mejorar la calidad del suelo.<\/p>\n<p>El asesor de Gesti\u00f3n Ambiental, Denis Rabanal, destac\u00f3 que el esp\u00edritu del concurso es que las ideas no queden plasmadas \u00fanicamente en un papel, sino que puedan concretarse y generar un impacto positivo en la comunidad. De esta manera, estudiantes y docentes comienzan a convertir sus propuestas en realidades que aportan al cuidado del ambiente y al desarrollo local.<\/p>\n","protected":false},"excerpt":{"rendered":"<p>Los proyectos que nacieron en las aulas ya comenzaron a transformarse en acciones concretas. En el marco del concurso ambiental \u201cAmbiente &#8230;<\/p>\n","protected":false},"author":7,"featured_media":160774,"comment_status":"open","ping_status":"open","sticky":false,"template":"","format":"standard","meta":{"footnotes":""},"categories":[5,34],"tags":[],"class_list":["post-160775","post","type-post","status-publish","format-standard","has-post-thumbnail","hentry","category-actualidad","category-medio-ambiente"],"_links":{"self":[{"href":"https:\/\/vinasfm.com\/noticias\/wp-json\/wp\/v2\/posts\/160775","targetHints":{"allow":["GET"]}}],"collection":[{"href":"https:\/\/vinasfm.com\/noticias\/wp-json\/wp\/v2\/posts"}],"about":[{"href":"https:\/\/vinasfm.com\/noticias\/wp-json\/wp\/v2\/types\/post"}],"author":[{"embeddable":true,"href":"https:\/\/vinasfm.com\/noticias\/wp-json\/wp\/v2\/users\/7"}],"replies":[{"embeddable":true,"href":"https:\/\/vinasfm.com\/noticias\/wp-json\/wp\/v2\/comments?post=160775"}],"version-history":[{"count":5,"href":"https:\/\/vinasfm.com\/noticias\/wp-json\/wp\/v2\/posts\/160775\/revisions"}],"predecessor-version":[{"id":160816,"href":"https:\/\/vinasfm.com\/noticias\/wp-json\/wp\/v2\/posts\/160775\/revisions\/160816"}],"wp:featuredmedia":[{"embeddable":true,"href":"https:\/\/vinasfm.com\/noticias\/wp-json\/wp\/v2\/media\/160774"}],"wp:attachment":[{"href":"https:\/\/vinasfm.com\/noticias\/wp-json\/wp\/v2\/media?parent=160775"}],"wp:term":[{"taxonomy":"category","embeddable":true,"href":"https:\/\/vinasfm.com\/noticias\/wp-json\/wp\/v2\/categories?post=160775"},{"taxonomy":"post_tag","embeddable":true,"href":"https:\/\/vinasfm.com\/noticias\/wp-json\/wp\/v2\/tags?post=160775"}],"curies":[{"name":"wp","href":"https:\/\/api.w.org\/{rel}","templated":true}]}}