{"id":160755,"date":"2026-05-30T09:41:11","date_gmt":"2026-05-30T12:41:11","guid":{"rendered":"https:\/\/vinasfm.com\/noticias\/?p=160755"},"modified":"2026-06-01T10:41:30","modified_gmt":"2026-06-01T13:41:30","slug":"la-policia-rural-avanzo-en-la-investigacion-de-un-caso-de-abigeato-en-general-alvear","status":"publish","type":"post","link":"https:\/\/vinasfm.com\/noticias\/la-policia-rural-avanzo-en-la-investigacion-de-un-caso-de-abigeato-en-general-alvear\/","title":{"rendered":"LA POLIC\u00cdA RURAL AVANZ\u00d3 EN LA INVESTIGACI\u00d3N DE UN CASO DE ABIGEATO EN GENERAL ALVEAR"},"content":{"rendered":"<h4><strong>Durante un allanamiento realizado en Bowen fue aprehendido un hombre y se secuestraron m\u00e1s de 58 kilos de carne de origen animal, herramientas presuntamente utilizadas para la faena y otros elementos de inter\u00e9s para la causa.\u00a0<\/strong><\/h4>\n<p>La Polic\u00eda Rural de Mendoza realiz\u00f3 un allanamiento en el distrito de Bowen y logr\u00f3 avances significativos en una investigaci\u00f3n por abigeato, en el marco del Plan Estrat\u00e9gico contra el Abigeato que se desarrolla en toda la provincia.<\/p>\n<p>El procedimiento se llev\u00f3 a cabo en una vivienda ubicada en inmediaciones de calle LL y Sarmiento, donde efectivos de la Polic\u00eda Rural trabajaron junto a personal de la Unidad Investigativa Departamental General Alvear bajo directivas de la Unidad Fiscal interviniente.<\/p>\n<div id=\"attachment_160760\" style=\"width: 509px\" class=\"wp-caption alignnone\"><a href=\"https:\/\/vinasfm.com\/noticias\/wp-content\/uploads\/2026\/05\/FB_IMG_1780104879817.jpg\"><img loading=\"lazy\" decoding=\"async\" aria-describedby=\"caption-attachment-160760\" class=\"size-full wp-image-160760\" src=\"https:\/\/vinasfm.com\/noticias\/wp-content\/uploads\/2026\/05\/FB_IMG_1780104879817.jpg\" alt=\"\" width=\"509\" height=\"487\" srcset=\"https:\/\/vinasfm.com\/noticias\/wp-content\/uploads\/2026\/05\/FB_IMG_1780104879817.jpg 509w, https:\/\/vinasfm.com\/noticias\/wp-content\/uploads\/2026\/05\/FB_IMG_1780104879817-300x287.jpg 300w\" sizes=\"auto, (max-width: 509px) 100vw, 509px\" \/><\/a><p id=\"caption-attachment-160760\" class=\"wp-caption-text\">Screenshot<\/p><\/div>\n<p>Como resultado de la medida, fue aprehendido un hombre y se secuestraron distintos elementos de inter\u00e9s para la investigaci\u00f3n, entre ellos cuchillos, un hacha de mano, una motosierra, tel\u00e9fonos celulares y otros objetos presuntamente vinculados a la faena clandestina de animales.<\/p>\n<p>Adem\u00e1s, durante la inspecci\u00f3n del inmueble se encontraron m\u00e1s de 58 kilos de carne de origen animal almacenados en un freezer sin acreditaci\u00f3n de procedencia ni trazabilidad sanitaria. Por este motivo intervino personal del Plan Federal de Carnes y de la Direcci\u00f3n de Ganader\u00eda, que realiz\u00f3 las actuaciones correspondientes y dispuso el decomiso de los productos.<\/p>\n<p>En el lugar tambi\u00e9n fueron secuestrados dos bovinos para verificar su origen y documentaci\u00f3n. Asimismo, los efectivos hallaron restos biol\u00f3gicos de origen animal y otros elementos que fueron incorporados a la investigaci\u00f3n para determinar su vinculaci\u00f3n con el hecho denunciado.<\/p>\n<p><a href=\"https:\/\/vinasfm.com\/noticias\/wp-content\/uploads\/2026\/05\/FB_IMG_1780104874195.jpg\"><img loading=\"lazy\" decoding=\"async\" class=\"alignnone size-large wp-image-160761\" src=\"https:\/\/vinasfm.com\/noticias\/wp-content\/uploads\/2026\/05\/FB_IMG_1780104874195-768x1024.jpg\" alt=\"\" width=\"768\" height=\"1024\" srcset=\"https:\/\/vinasfm.com\/noticias\/wp-content\/uploads\/2026\/05\/FB_IMG_1780104874195-768x1024.jpg 768w, https:\/\/vinasfm.com\/noticias\/wp-content\/uploads\/2026\/05\/FB_IMG_1780104874195-225x300.jpg 225w, https:\/\/vinasfm.com\/noticias\/wp-content\/uploads\/2026\/05\/FB_IMG_1780104874195.jpg 900w\" sizes=\"auto, (max-width: 768px) 100vw, 768px\" \/><\/a><\/p>\n<p>Desde la Direcci\u00f3n de Ganader\u00eda se procedi\u00f3 a realizar la toma de muestras con el objetivo de determinar si la carne secuestrada corresponde a origen equino.<\/p>\n<p>Las mismas fueron remitidas al laboratorio del organismo, donde se efectuar\u00e1n los an\u00e1lisis correspondientes. Actualmente se aguarda el informe final con los resultados.<\/p>\n<p>Desde el Ministerio de Producci\u00f3n destacaron la importancia de este tipo de controles, que se realizan de manera articulada con las fuerzas de seguridad, con el objetivo de prevenir la comercializaci\u00f3n de productos de origen ilegal y garantizar las condiciones sanitarias de los alimentos que llegan a la poblaci\u00f3n.<\/p>\n<p>El procedimiento forma parte de las acciones permanentes que lleva adelante la Polic\u00eda Rural para combatir el abigeato, fortalecer los controles sobre la cadena de comercializaci\u00f3n de productos c\u00e1rnicos y proteger la actividad ganadera en todo el territorio provincial.<\/p>\n","protected":false},"excerpt":{"rendered":"<p>Durante un allanamiento realizado en Bowen fue aprehendido un hombre y se secuestraron m\u00e1s de 58 kilos de carne de origen &#8230;<\/p>\n","protected":false},"author":7,"featured_media":160759,"comment_status":"open","ping_status":"open","sticky":false,"template":"","format":"standard","meta":{"footnotes":""},"categories":[5,4],"tags":[],"class_list":["post-160755","post","type-post","status-publish","format-standard","has-post-thumbnail","hentry","category-actualidad","category-policiales"],"_links":{"self":[{"href":"https:\/\/vinasfm.com\/noticias\/wp-json\/wp\/v2\/posts\/160755","targetHints":{"allow":["GET"]}}],"collection":[{"href":"https:\/\/vinasfm.com\/noticias\/wp-json\/wp\/v2\/posts"}],"about":[{"href":"https:\/\/vinasfm.com\/noticias\/wp-json\/wp\/v2\/types\/post"}],"author":[{"embeddable":true,"href":"https:\/\/vinasfm.com\/noticias\/wp-json\/wp\/v2\/users\/7"}],"replies":[{"embeddable":true,"href":"https:\/\/vinasfm.com\/noticias\/wp-json\/wp\/v2\/comments?post=160755"}],"version-history":[{"count":3,"href":"https:\/\/vinasfm.com\/noticias\/wp-json\/wp\/v2\/posts\/160755\/revisions"}],"predecessor-version":[{"id":160762,"href":"https:\/\/vinasfm.com\/noticias\/wp-json\/wp\/v2\/posts\/160755\/revisions\/160762"}],"wp:featuredmedia":[{"embeddable":true,"href":"https:\/\/vinasfm.com\/noticias\/wp-json\/wp\/v2\/media\/160759"}],"wp:attachment":[{"href":"https:\/\/vinasfm.com\/noticias\/wp-json\/wp\/v2\/media?parent=160755"}],"wp:term":[{"taxonomy":"category","embeddable":true,"href":"https:\/\/vinasfm.com\/noticias\/wp-json\/wp\/v2\/categories?post=160755"},{"taxonomy":"post_tag","embeddable":true,"href":"https:\/\/vinasfm.com\/noticias\/wp-json\/wp\/v2\/tags?post=160755"}],"curies":[{"name":"wp","href":"https:\/\/api.w.org\/{rel}","templated":true}]}}